{"id":9985,"date":"2022-04-18T10:00:00","date_gmt":"2022-04-18T08:00:00","guid":{"rendered":"https:\/\/www.kiwanis.ch\/?p=9985"},"modified":"2022-04-05T10:47:14","modified_gmt":"2022-04-05T08:47:14","slug":"una-serata-dedicata","status":"publish","type":"post","link":"https:\/\/www.kiwanis.ch\/it\/una-serata-dedicata\/","title":{"rendered":"Una serata dedicata"},"content":{"rendered":"<p>Il KC Bellinzona e Valli ha recentemente avuto il piacere di annoverare quali ospiti il Magistrato dei Minorenni del Cantone Ticino, Reto Medici ed il Capitano della Polizia cantonale Marco Mombelli. Met\u00e0 marzo presso la sede, gli stessi hanno cos\u00ec avuto modo di esporre in modo brillante alla 30 di AK convenuti alcuni aspetti relativi alla loro attivit\u00e0, incentrata in particolare sulle problematiche giovanili esistenti nel Cantone.<\/p>\n<p>Pure gradito ospite della serata il Direttore dell\u2019Istituto Von Mentlen Vito Lo Russo, che dirige una struttura che ospita una cinquantina di ragazzi con difficili situazioni familiari e molto vicino sia alla nostra causa che alle problematiche esposte durante la serata. La tematica proposta, ben presente anche nella nostra societ\u00e0, ha indubbiamente suscitato l\u2019interesse dei partecipanti, che ne hanno approfittato per porgere agli ospiti alcune domande specifiche.<\/p>\n<p>Ma attenzione, come ben ha sottolineato il Magistrato dei minorenni, la percezione che noi abbiamo di questo fenomeno appare in un certo senso amplificata e non corrisponde alla realt\u00e0 oggettiva: nel nostro piccolo territorio si pu\u00f2 tranquillamente affermare che non abbiamo affatto una situazione di degrado giovanile!<\/p>\n<p><strong>AK Emilio S. Baggi<\/strong><\/p>\n<p><a href=\"https:\/\/www.kiwanis.ch\/wp-content\/uploads\/2022\/04\/bellinzona-2-scaled.jpg\"><img fetchpriority=\"high\" decoding=\"async\" class=\"alignnone wp-image-9989 size-medium\" src=\"https:\/\/www.kiwanis.ch\/wp-content\/uploads\/2022\/04\/bellinzona-2-300x225.jpg\" alt=\"\" width=\"300\" height=\"225\" srcset=\"https:\/\/www.kiwanis.ch\/wp-content\/uploads\/2022\/04\/bellinzona-2-300x225.jpg 300w, https:\/\/www.kiwanis.ch\/wp-content\/uploads\/2022\/04\/bellinzona-2-1024x768.jpg 1024w, https:\/\/www.kiwanis.ch\/wp-content\/uploads\/2022\/04\/bellinzona-2-768x576.jpg 768w, https:\/\/www.kiwanis.ch\/wp-content\/uploads\/2022\/04\/bellinzona-2-1536x1152.jpg 1536w, https:\/\/www.kiwanis.ch\/wp-content\/uploads\/2022\/04\/bellinzona-2-2048x1536.jpg 2048w, https:\/\/www.kiwanis.ch\/wp-content\/uploads\/2022\/04\/bellinzona-2-600x450.jpg 600w\" sizes=\"(max-width: 300px) 100vw, 300px\" \/><\/a><\/p>\n","protected":false},"excerpt":{"rendered":"<p>Il KC Bellinzona e Valli ha recentemente avuto il piacere di annoverare quali ospiti il Magistrato dei Minorenni del Cantone Ticino, Reto Medici ed il Capitano della Polizia cantonale Marco Mombelli. Met\u00e0 marzo presso la sede, gli stessi hanno cos\u00ec avuto modo di esporre in modo brillante alla 30 di AK convenuti alcuni aspetti relativi [&hellip;]<\/p>\n","protected":false},"author":5,"featured_media":9990,"comment_status":"closed","ping_status":"closed","sticky":false,"template":"","format":"standard","meta":{"footnotes":""},"categories":[74],"tags":[],"class_list":["post-9985","post","type-post","status-publish","format-standard","has-post-thumbnail","hentry","category-clubleben-it"],"yoast_head":"<!-- This site is optimized with the Yoast SEO plugin v28.4 - https:\/\/yoast.com\/product\/yoast-seo-wordpress\/ -->\n<title>Una serata dedicata - Kiwanis International District Switzerland-Liechtenstein<\/title>\n<meta name=\"robots\" content=\"index, follow, max-snippet:-1, max-image-preview:large, max-video-preview:-1\" \/>\n<link rel=\"canonical\" href=\"https:\/\/www.kiwanis.ch\/it\/una-serata-dedicata\/\" \/>\n<meta property=\"og:locale\" content=\"it_IT\" \/>\n<meta property=\"og:type\" content=\"article\" \/>\n<meta property=\"og:title\" content=\"Una serata dedicata - Kiwanis International District Switzerland-Liechtenstein\" \/>\n<meta property=\"og:description\" content=\"Il KC Bellinzona e Valli ha recentemente avuto il piacere di annoverare quali ospiti il Magistrato dei Minorenni del Cantone Ticino, Reto Medici ed il Capitano della Polizia cantonale Marco Mombelli. Met\u00e0 marzo presso la sede, gli stessi hanno cos\u00ec avuto modo di esporre in modo brillante alla 30 di AK convenuti alcuni aspetti relativi [&hellip;]\" \/>\n<meta property=\"og:url\" content=\"https:\/\/www.kiwanis.ch\/it\/una-serata-dedicata\/\" \/>\n<meta property=\"og:site_name\" content=\"Kiwanis International District Switzerland-Liechtenstein\" \/>\n<meta property=\"article:published_time\" content=\"2022-04-18T08:00:00+00:00\" \/>\n<meta property=\"og:image\" content=\"https:\/\/www.kiwanis.ch\/wp-content\/uploads\/2022\/04\/bellinzona-1-scaled.jpg\" \/>\n\t<meta property=\"og:image:width\" content=\"2560\" \/>\n\t<meta property=\"og:image:height\" content=\"1920\" \/>\n\t<meta property=\"og:image:type\" content=\"image\/jpeg\" \/>\n<meta name=\"author\" content=\"Redaktion\" \/>\n<meta name=\"twitter:card\" content=\"summary_large_image\" \/>\n<meta name=\"twitter:image\" content=\"https:\/\/www.kiwanis.ch\/wp-content\/uploads\/2022\/04\/bellinzona-1-scaled.jpg\" \/>\n<meta name=\"twitter:label1\" content=\"Scritto da\" \/>\n\t<meta name=\"twitter:data1\" content=\"Redaktion\" \/>\n\t<meta name=\"twitter:label2\" content=\"Tempo di lettura stimato\" \/>\n\t<meta name=\"twitter:data2\" content=\"1 minuto\" \/>\n<script type=\"application\/ld+json\" class=\"yoast-schema-graph\">{\"@context\":\"https:\\\/\\\/schema.org\",\"@graph\":[{\"@type\":\"Article\",\"@id\":\"https:\\\/\\\/www.kiwanis.ch\\\/it\\\/una-serata-dedicata\\\/#article\",\"isPartOf\":{\"@id\":\"https:\\\/\\\/www.kiwanis.ch\\\/it\\\/una-serata-dedicata\\\/\"},\"author\":{\"name\":\"Redaktion\",\"@id\":\"https:\\\/\\\/www.kiwanis.ch\\\/it\\\/#\\\/schema\\\/person\\\/32e076a576cc36b251d0d73060b06f13\"},\"headline\":\"Una serata dedicata\",\"datePublished\":\"2022-04-18T08:00:00+00:00\",\"mainEntityOfPage\":{\"@id\":\"https:\\\/\\\/www.kiwanis.ch\\\/it\\\/una-serata-dedicata\\\/\"},\"wordCount\":189,\"image\":{\"@id\":\"https:\\\/\\\/www.kiwanis.ch\\\/it\\\/una-serata-dedicata\\\/#primaryimage\"},\"thumbnailUrl\":\"https:\\\/\\\/www.kiwanis.ch\\\/wp-content\\\/uploads\\\/2022\\\/04\\\/bellinzona-1-scaled.jpg\",\"articleSection\":[\"Clubleben\"],\"inLanguage\":\"it-IT\"},{\"@type\":\"WebPage\",\"@id\":\"https:\\\/\\\/www.kiwanis.ch\\\/it\\\/una-serata-dedicata\\\/\",\"url\":\"https:\\\/\\\/www.kiwanis.ch\\\/it\\\/una-serata-dedicata\\\/\",\"name\":\"Una serata dedicata - Kiwanis International District Switzerland-Liechtenstein\",\"isPartOf\":{\"@id\":\"https:\\\/\\\/www.kiwanis.ch\\\/it\\\/#website\"},\"primaryImageOfPage\":{\"@id\":\"https:\\\/\\\/www.kiwanis.ch\\\/it\\\/una-serata-dedicata\\\/#primaryimage\"},\"image\":{\"@id\":\"https:\\\/\\\/www.kiwanis.ch\\\/it\\\/una-serata-dedicata\\\/#primaryimage\"},\"thumbnailUrl\":\"https:\\\/\\\/www.kiwanis.ch\\\/wp-content\\\/uploads\\\/2022\\\/04\\\/bellinzona-1-scaled.jpg\",\"datePublished\":\"2022-04-18T08:00:00+00:00\",\"author\":{\"@id\":\"https:\\\/\\\/www.kiwanis.ch\\\/it\\\/#\\\/schema\\\/person\\\/32e076a576cc36b251d0d73060b06f13\"},\"breadcrumb\":{\"@id\":\"https:\\\/\\\/www.kiwanis.ch\\\/it\\\/una-serata-dedicata\\\/#breadcrumb\"},\"inLanguage\":\"it-IT\",\"potentialAction\":[{\"@type\":\"ReadAction\",\"target\":[\"https:\\\/\\\/www.kiwanis.ch\\\/it\\\/una-serata-dedicata\\\/\"]}]},{\"@type\":\"ImageObject\",\"inLanguage\":\"it-IT\",\"@id\":\"https:\\\/\\\/www.kiwanis.ch\\\/it\\\/una-serata-dedicata\\\/#primaryimage\",\"url\":\"https:\\\/\\\/www.kiwanis.ch\\\/wp-content\\\/uploads\\\/2022\\\/04\\\/bellinzona-1-scaled.jpg\",\"contentUrl\":\"https:\\\/\\\/www.kiwanis.ch\\\/wp-content\\\/uploads\\\/2022\\\/04\\\/bellinzona-1-scaled.jpg\",\"width\":2560,\"height\":1920},{\"@type\":\"BreadcrumbList\",\"@id\":\"https:\\\/\\\/www.kiwanis.ch\\\/it\\\/una-serata-dedicata\\\/#breadcrumb\",\"itemListElement\":[{\"@type\":\"ListItem\",\"position\":1,\"name\":\"Startseite\",\"item\":\"https:\\\/\\\/www.kiwanis.ch\\\/it\\\/\"},{\"@type\":\"ListItem\",\"position\":2,\"name\":\"Una serata dedicata\"}]},{\"@type\":\"WebSite\",\"@id\":\"https:\\\/\\\/www.kiwanis.ch\\\/it\\\/#website\",\"url\":\"https:\\\/\\\/www.kiwanis.ch\\\/it\\\/\",\"name\":\"Kiwanis International District Switzerland-Liechtenstein\",\"description\":\"\",\"potentialAction\":[{\"@type\":\"SearchAction\",\"target\":{\"@type\":\"EntryPoint\",\"urlTemplate\":\"https:\\\/\\\/www.kiwanis.ch\\\/it\\\/?s={search_term_string}\"},\"query-input\":{\"@type\":\"PropertyValueSpecification\",\"valueRequired\":true,\"valueName\":\"search_term_string\"}}],\"inLanguage\":\"it-IT\"},{\"@type\":\"Person\",\"@id\":\"https:\\\/\\\/www.kiwanis.ch\\\/it\\\/#\\\/schema\\\/person\\\/32e076a576cc36b251d0d73060b06f13\",\"name\":\"Redaktion\"}]}<\/script>\n<!-- \/ Yoast SEO plugin. -->","yoast_head_json":{"title":"Una serata dedicata - Kiwanis International District Switzerland-Liechtenstein","robots":{"index":"index","follow":"follow","max-snippet":"max-snippet:-1","max-image-preview":"max-image-preview:large","max-video-preview":"max-video-preview:-1"},"canonical":"https:\/\/www.kiwanis.ch\/it\/una-serata-dedicata\/","og_locale":"it_IT","og_type":"article","og_title":"Una serata dedicata - Kiwanis International District Switzerland-Liechtenstein","og_description":"Il KC Bellinzona e Valli ha recentemente avuto il piacere di annoverare quali ospiti il Magistrato dei Minorenni del Cantone Ticino, Reto Medici ed il Capitano della Polizia cantonale Marco Mombelli. Met\u00e0 marzo presso la sede, gli stessi hanno cos\u00ec avuto modo di esporre in modo brillante alla 30 di AK convenuti alcuni aspetti relativi [&hellip;]","og_url":"https:\/\/www.kiwanis.ch\/it\/una-serata-dedicata\/","og_site_name":"Kiwanis International District Switzerland-Liechtenstein","article_published_time":"2022-04-18T08:00:00+00:00","og_image":[{"width":2560,"height":1920,"url":"https:\/\/www.kiwanis.ch\/wp-content\/uploads\/2022\/04\/bellinzona-1-scaled.jpg","type":"image\/jpeg"}],"author":"Redaktion","twitter_card":"summary_large_image","twitter_image":"https:\/\/www.kiwanis.ch\/wp-content\/uploads\/2022\/04\/bellinzona-1-scaled.jpg","twitter_misc":{"Scritto da":"Redaktion","Tempo di lettura stimato":"1 minuto"},"schema":{"@context":"https:\/\/schema.org","@graph":[{"@type":"Article","@id":"https:\/\/www.kiwanis.ch\/it\/una-serata-dedicata\/#article","isPartOf":{"@id":"https:\/\/www.kiwanis.ch\/it\/una-serata-dedicata\/"},"author":{"name":"Redaktion","@id":"https:\/\/www.kiwanis.ch\/it\/#\/schema\/person\/32e076a576cc36b251d0d73060b06f13"},"headline":"Una serata dedicata","datePublished":"2022-04-18T08:00:00+00:00","mainEntityOfPage":{"@id":"https:\/\/www.kiwanis.ch\/it\/una-serata-dedicata\/"},"wordCount":189,"image":{"@id":"https:\/\/www.kiwanis.ch\/it\/una-serata-dedicata\/#primaryimage"},"thumbnailUrl":"https:\/\/www.kiwanis.ch\/wp-content\/uploads\/2022\/04\/bellinzona-1-scaled.jpg","articleSection":["Clubleben"],"inLanguage":"it-IT"},{"@type":"WebPage","@id":"https:\/\/www.kiwanis.ch\/it\/una-serata-dedicata\/","url":"https:\/\/www.kiwanis.ch\/it\/una-serata-dedicata\/","name":"Una serata dedicata - Kiwanis International District Switzerland-Liechtenstein","isPartOf":{"@id":"https:\/\/www.kiwanis.ch\/it\/#website"},"primaryImageOfPage":{"@id":"https:\/\/www.kiwanis.ch\/it\/una-serata-dedicata\/#primaryimage"},"image":{"@id":"https:\/\/www.kiwanis.ch\/it\/una-serata-dedicata\/#primaryimage"},"thumbnailUrl":"https:\/\/www.kiwanis.ch\/wp-content\/uploads\/2022\/04\/bellinzona-1-scaled.jpg","datePublished":"2022-04-18T08:00:00+00:00","author":{"@id":"https:\/\/www.kiwanis.ch\/it\/#\/schema\/person\/32e076a576cc36b251d0d73060b06f13"},"breadcrumb":{"@id":"https:\/\/www.kiwanis.ch\/it\/una-serata-dedicata\/#breadcrumb"},"inLanguage":"it-IT","potentialAction":[{"@type":"ReadAction","target":["https:\/\/www.kiwanis.ch\/it\/una-serata-dedicata\/"]}]},{"@type":"ImageObject","inLanguage":"it-IT","@id":"https:\/\/www.kiwanis.ch\/it\/una-serata-dedicata\/#primaryimage","url":"https:\/\/www.kiwanis.ch\/wp-content\/uploads\/2022\/04\/bellinzona-1-scaled.jpg","contentUrl":"https:\/\/www.kiwanis.ch\/wp-content\/uploads\/2022\/04\/bellinzona-1-scaled.jpg","width":2560,"height":1920},{"@type":"BreadcrumbList","@id":"https:\/\/www.kiwanis.ch\/it\/una-serata-dedicata\/#breadcrumb","itemListElement":[{"@type":"ListItem","position":1,"name":"Startseite","item":"https:\/\/www.kiwanis.ch\/it\/"},{"@type":"ListItem","position":2,"name":"Una serata dedicata"}]},{"@type":"WebSite","@id":"https:\/\/www.kiwanis.ch\/it\/#website","url":"https:\/\/www.kiwanis.ch\/it\/","name":"Kiwanis International District Switzerland-Liechtenstein","description":"","potentialAction":[{"@type":"SearchAction","target":{"@type":"EntryPoint","urlTemplate":"https:\/\/www.kiwanis.ch\/it\/?s={search_term_string}"},"query-input":{"@type":"PropertyValueSpecification","valueRequired":true,"valueName":"search_term_string"}}],"inLanguage":"it-IT"},{"@type":"Person","@id":"https:\/\/www.kiwanis.ch\/it\/#\/schema\/person\/32e076a576cc36b251d0d73060b06f13","name":"Redaktion"}]}},"_links":{"self":[{"href":"https:\/\/www.kiwanis.ch\/it\/wp-json\/wp\/v2\/posts\/9985","targetHints":{"allow":["GET"]}}],"collection":[{"href":"https:\/\/www.kiwanis.ch\/it\/wp-json\/wp\/v2\/posts"}],"about":[{"href":"https:\/\/www.kiwanis.ch\/it\/wp-json\/wp\/v2\/types\/post"}],"author":[{"embeddable":true,"href":"https:\/\/www.kiwanis.ch\/it\/wp-json\/wp\/v2\/users\/5"}],"replies":[{"embeddable":true,"href":"https:\/\/www.kiwanis.ch\/it\/wp-json\/wp\/v2\/comments?post=9985"}],"version-history":[{"count":3,"href":"https:\/\/www.kiwanis.ch\/it\/wp-json\/wp\/v2\/posts\/9985\/revisions"}],"predecessor-version":[{"id":10009,"href":"https:\/\/www.kiwanis.ch\/it\/wp-json\/wp\/v2\/posts\/9985\/revisions\/10009"}],"wp:featuredmedia":[{"embeddable":true,"href":"https:\/\/www.kiwanis.ch\/it\/wp-json\/wp\/v2\/media\/9990"}],"wp:attachment":[{"href":"https:\/\/www.kiwanis.ch\/it\/wp-json\/wp\/v2\/media?parent=9985"}],"wp:term":[{"taxonomy":"category","embeddable":true,"href":"https:\/\/www.kiwanis.ch\/it\/wp-json\/wp\/v2\/categories?post=9985"},{"taxonomy":"post_tag","embeddable":true,"href":"https:\/\/www.kiwanis.ch\/it\/wp-json\/wp\/v2\/tags?post=9985"}],"curies":[{"name":"wp","href":"https:\/\/api.w.org\/{rel}","templated":true}]}}