{"id":9465,"date":"2022-01-12T10:00:00","date_gmt":"2022-01-12T09:00:00","guid":{"rendered":"https:\/\/www.kiwanis.ch\/?p=9465"},"modified":"2022-03-03T10:51:12","modified_gmt":"2022-03-03T09:51:12","slug":"una-lodevole-iniziativa","status":"publish","type":"post","link":"https:\/\/www.kiwanis.ch\/it\/una-lodevole-iniziativa\/","title":{"rendered":"Una lodevole iniziativa"},"content":{"rendered":"<p style=\"text-align: justify;\">In ossequio allo spirito sociale del Club, su iniziativa di alcuni nostri membri, nel corso dell\u2019estate del 2021 si \u00e8 dato avvio ad un progetto di aiuto \u2013 collaborazione con la Culla San Marco di Bellinzona. La Culla San Marco da decenni si \u00e8 in effetti conquistata una nicchia di simpatia e considerazione nel cuore dei Bellinzonesi.<\/p>\n<p style=\"text-align: justify;\">Negli anni ha ospitato tantissimi bambini e non tutti sanno che non \u00e8 solo un preasilo, ma \u00e8 anche una struttura che accoglie bambini e donne in difficolt\u00e0 di vario genere. In questi casi la Culla interviene o su richiesta dei servizi sociali o su richiesta della famiglia; i bambini vengono seguiti amorevolmente da un gruppo di Suore professionalmente capaci e lo scopo \u00e8 quello di far ritrovare al bambino un ambiente familiare, dandogli la tranquillit\u00e0 necessaria per poter crescere sano e felice.<\/p>\n<p style=\"text-align: justify;\">La Culla San Marco \u00e8 animata dalla Comunit\u00e0 religiosa delle \u00abSorelle di Santa Maria\u00bb di Leuca, \u00e8 attualmente diretta dalla Madre Superiora Suor Concetta e consta di 4 sezioni con 50 bimbi. La retta dei bimbi permette un\u2019entrata che copre unicamente circa un terzo delle spese della CSM stessa; ai bimbi viene offerto uno spuntino a mezza mattina, un pranzo e una merenda.<\/p>\n<p style=\"text-align: justify;\">Purtroppo, da qualche anno, la Culla San Marco affronta un periodo difficile e purtroppo la sopravvivenza stessa della struttura \u00e8 messa in dubbio. Si ricorda che gi\u00e0 nel 2015, sempre grazie all\u2019importante contributo del nostro Club e degli amici della Culla San Marco, si era potuto realizzare per questo edificio un corridoio coperto e il nuovo pavimento.<\/p>\n<p style=\"text-align: justify;\">Ed ancora una volta, quindi, la grande sensibilit\u00e0 dei membri del nostro Club ha fatto s\u00ec che ci si \u00e8 attivati con un programma di aiuto per le opere di giardinaggio e di ristrutturazione delle attrezzature ludiche presenti nella struttura. Suddivisi in gruppi di quattro membri per volta \u00e8 stato allestito un piano di intervento sull\u2019arco dell\u2019estate e dell\u2019autunno: un\u2019attivit\u00e0 senza grandi pretese, ma ricco di entusiasmo e spirito di collaborazione.<\/p>\n<p style=\"text-align: justify;\">Un\u2019esperienza che, a ragion veduta, oltre che a raggiungere gli obiettivi prefissati di aiuto nella gestione della struttura, ha permesso di alimentare in modo sorprendente ed inatteso, lo spirito di amicizia e di camerateria fra i Soci stessi, che si ritrovavano per alcune ore a collaborare nelle diverse attivit\u00e0 da svolgere.<\/p>\n<p style=\"text-align: justify;\">Si \u00e8 rivelata quindi un\u2019avventura straordinaria, intrapresa con un certo timore iniziale e con qualche perplessit\u00e0 per le fatiche che avrebbe potuto comportare ma poi si \u00e8 subito trasformata quasi in una scampagnata, affrontata con il sorriso e scambio di aneddoti personali e le fotografie che accompagnano questo articoletto ne sono la migliore dimostrazione.<\/p>\n<p style=\"text-align: justify;\">Ed infine, non \u00e8 possibile non citare la squisita gentilezza delle suore presenti, che puntualmente offrivano ai collaboratori caff\u00e8 e biscotti oltre che, a fine mattinata, un ricco spuntino con salame e formaggio bagnato da un buon bicchiere di vino.<\/p>\n<p style=\"text-align: justify;\">Tant\u2019\u00e8 che al termine della stagione operativa le Suore hanno voluto ulteriormente ringraziare i prodi lavoratori, organizzando per sabato 9 ottobre 2021 un magnifico pranzo etnico sul terrazzo della struttura, apprezzatissimo da parte dei diversi convenuti.<\/p>\n<p style=\"text-align: justify;\">Complimenti dunque sia a chi ha avuto l\u2019eccellente proposta per questa iniziativa benefica, sia a tutti coloro che vi hanno collaborato attivamente con tanto entusiasmo.<\/p>\n<p style=\"text-align: justify;\"><strong>AK Emilio S. Baggi<\/strong><\/p>\n<div id='gallery-1' class='gallery galleryid-9465 gallery-columns-3 gallery-size-medium'><figure class='gallery-item'>\n\t\t\t<div class='gallery-icon landscape'>\n\t\t\t\t<a href='https:\/\/www.kiwanis.ch\/wp-content\/uploads\/2022\/03\/2.-PHOTO-2021-09-08-19-14-51.jpg'><img fetchpriority=\"high\" decoding=\"async\" width=\"300\" height=\"169\" src=\"https:\/\/www.kiwanis.ch\/wp-content\/uploads\/2022\/03\/2.-PHOTO-2021-09-08-19-14-51-300x169.jpg\" class=\"attachment-medium size-medium\" alt=\"\" srcset=\"https:\/\/www.kiwanis.ch\/wp-content\/uploads\/2022\/03\/2.-PHOTO-2021-09-08-19-14-51-300x169.jpg 300w, https:\/\/www.kiwanis.ch\/wp-content\/uploads\/2022\/03\/2.-PHOTO-2021-09-08-19-14-51-1024x576.jpg 1024w, https:\/\/www.kiwanis.ch\/wp-content\/uploads\/2022\/03\/2.-PHOTO-2021-09-08-19-14-51-768x432.jpg 768w, https:\/\/www.kiwanis.ch\/wp-content\/uploads\/2022\/03\/2.-PHOTO-2021-09-08-19-14-51-1536x864.jpg 1536w, https:\/\/www.kiwanis.ch\/wp-content\/uploads\/2022\/03\/2.-PHOTO-2021-09-08-19-14-51-150x85.jpg 150w, https:\/\/www.kiwanis.ch\/wp-content\/uploads\/2022\/03\/2.-PHOTO-2021-09-08-19-14-51-1920x1080.jpg 1920w, https:\/\/www.kiwanis.ch\/wp-content\/uploads\/2022\/03\/2.-PHOTO-2021-09-08-19-14-51-600x338.jpg 600w, https:\/\/www.kiwanis.ch\/wp-content\/uploads\/2022\/03\/2.-PHOTO-2021-09-08-19-14-51.jpg 2016w\" sizes=\"(max-width: 300px) 100vw, 300px\" \/><\/a>\n\t\t\t<\/div><\/figure><figure class='gallery-item'>\n\t\t\t<div class='gallery-icon landscape'>\n\t\t\t\t<a href='https:\/\/www.kiwanis.ch\/wp-content\/uploads\/2022\/03\/4.-PHOTO-2021-09-08-19-16-38.jpg'><img decoding=\"async\" width=\"300\" height=\"169\" src=\"https:\/\/www.kiwanis.ch\/wp-content\/uploads\/2022\/03\/4.-PHOTO-2021-09-08-19-16-38-300x169.jpg\" class=\"attachment-medium size-medium\" alt=\"\" srcset=\"https:\/\/www.kiwanis.ch\/wp-content\/uploads\/2022\/03\/4.-PHOTO-2021-09-08-19-16-38-300x169.jpg 300w, https:\/\/www.kiwanis.ch\/wp-content\/uploads\/2022\/03\/4.-PHOTO-2021-09-08-19-16-38-1024x576.jpg 1024w, https:\/\/www.kiwanis.ch\/wp-content\/uploads\/2022\/03\/4.-PHOTO-2021-09-08-19-16-38-768x432.jpg 768w, https:\/\/www.kiwanis.ch\/wp-content\/uploads\/2022\/03\/4.-PHOTO-2021-09-08-19-16-38-1536x864.jpg 1536w, https:\/\/www.kiwanis.ch\/wp-content\/uploads\/2022\/03\/4.-PHOTO-2021-09-08-19-16-38-150x85.jpg 150w, https:\/\/www.kiwanis.ch\/wp-content\/uploads\/2022\/03\/4.-PHOTO-2021-09-08-19-16-38-1920x1080.jpg 1920w, https:\/\/www.kiwanis.ch\/wp-content\/uploads\/2022\/03\/4.-PHOTO-2021-09-08-19-16-38-600x338.jpg 600w, https:\/\/www.kiwanis.ch\/wp-content\/uploads\/2022\/03\/4.-PHOTO-2021-09-08-19-16-38.jpg 2016w\" sizes=\"(max-width: 300px) 100vw, 300px\" \/><\/a>\n\t\t\t<\/div><\/figure><figure class='gallery-item'>\n\t\t\t<div class='gallery-icon landscape'>\n\t\t\t\t<a href='https:\/\/www.kiwanis.ch\/wp-content\/uploads\/2022\/03\/3.-IMG_7199-scaled.jpg'><img decoding=\"async\" width=\"300\" height=\"225\" src=\"https:\/\/www.kiwanis.ch\/wp-content\/uploads\/2022\/03\/3.-IMG_7199-300x225.jpg\" class=\"attachment-medium size-medium\" alt=\"\" srcset=\"https:\/\/www.kiwanis.ch\/wp-content\/uploads\/2022\/03\/3.-IMG_7199-300x225.jpg 300w, https:\/\/www.kiwanis.ch\/wp-content\/uploads\/2022\/03\/3.-IMG_7199-1024x768.jpg 1024w, https:\/\/www.kiwanis.ch\/wp-content\/uploads\/2022\/03\/3.-IMG_7199-768x576.jpg 768w, https:\/\/www.kiwanis.ch\/wp-content\/uploads\/2022\/03\/3.-IMG_7199-1536x1152.jpg 1536w, https:\/\/www.kiwanis.ch\/wp-content\/uploads\/2022\/03\/3.-IMG_7199-2048x1536.jpg 2048w, https:\/\/www.kiwanis.ch\/wp-content\/uploads\/2022\/03\/3.-IMG_7199-600x450.jpg 600w\" sizes=\"(max-width: 300px) 100vw, 300px\" \/><\/a>\n\t\t\t<\/div><\/figure><figure class='gallery-item'>\n\t\t\t<div class='gallery-icon portrait'>\n\t\t\t\t<a href='https:\/\/www.kiwanis.ch\/wp-content\/uploads\/2022\/03\/6.-PHOTO-2021-10-16-15-18-43.jpg'><img loading=\"lazy\" decoding=\"async\" width=\"225\" height=\"300\" src=\"https:\/\/www.kiwanis.ch\/wp-content\/uploads\/2022\/03\/6.-PHOTO-2021-10-16-15-18-43-225x300.jpg\" class=\"attachment-medium size-medium\" alt=\"\" srcset=\"https:\/\/www.kiwanis.ch\/wp-content\/uploads\/2022\/03\/6.-PHOTO-2021-10-16-15-18-43-225x300.jpg 225w, https:\/\/www.kiwanis.ch\/wp-content\/uploads\/2022\/03\/6.-PHOTO-2021-10-16-15-18-43-768x1024.jpg 768w, https:\/\/www.kiwanis.ch\/wp-content\/uploads\/2022\/03\/6.-PHOTO-2021-10-16-15-18-43-1152x1536.jpg 1152w, https:\/\/www.kiwanis.ch\/wp-content\/uploads\/2022\/03\/6.-PHOTO-2021-10-16-15-18-43-600x800.jpg 600w, https:\/\/www.kiwanis.ch\/wp-content\/uploads\/2022\/03\/6.-PHOTO-2021-10-16-15-18-43.jpg 1536w\" sizes=\"(max-width: 225px) 100vw, 225px\" \/><\/a>\n\t\t\t<\/div><\/figure><figure class='gallery-item'>\n\t\t\t<div class='gallery-icon portrait'>\n\t\t\t\t<a href='https:\/\/www.kiwanis.ch\/wp-content\/uploads\/2022\/03\/7.-PHOTO-2021-10-16-15-18-47.jpg'><img loading=\"lazy\" decoding=\"async\" width=\"225\" height=\"300\" src=\"https:\/\/www.kiwanis.ch\/wp-content\/uploads\/2022\/03\/7.-PHOTO-2021-10-16-15-18-47-225x300.jpg\" class=\"attachment-medium size-medium\" alt=\"\" srcset=\"https:\/\/www.kiwanis.ch\/wp-content\/uploads\/2022\/03\/7.-PHOTO-2021-10-16-15-18-47-225x300.jpg 225w, https:\/\/www.kiwanis.ch\/wp-content\/uploads\/2022\/03\/7.-PHOTO-2021-10-16-15-18-47-768x1024.jpg 768w, https:\/\/www.kiwanis.ch\/wp-content\/uploads\/2022\/03\/7.-PHOTO-2021-10-16-15-18-47-1152x1536.jpg 1152w, https:\/\/www.kiwanis.ch\/wp-content\/uploads\/2022\/03\/7.-PHOTO-2021-10-16-15-18-47-600x800.jpg 600w, https:\/\/www.kiwanis.ch\/wp-content\/uploads\/2022\/03\/7.-PHOTO-2021-10-16-15-18-47.jpg 1536w\" sizes=\"(max-width: 225px) 100vw, 225px\" \/><\/a>\n\t\t\t<\/div><\/figure><figure class='gallery-item'>\n\t\t\t<div class='gallery-icon portrait'>\n\t\t\t\t<a href='https:\/\/www.kiwanis.ch\/wp-content\/uploads\/2022\/03\/8.-PHOTO-2021-10-16-15-18-50.jpg'><img loading=\"lazy\" decoding=\"async\" width=\"225\" height=\"300\" src=\"https:\/\/www.kiwanis.ch\/wp-content\/uploads\/2022\/03\/8.-PHOTO-2021-10-16-15-18-50-225x300.jpg\" class=\"attachment-medium size-medium\" alt=\"\" srcset=\"https:\/\/www.kiwanis.ch\/wp-content\/uploads\/2022\/03\/8.-PHOTO-2021-10-16-15-18-50-225x300.jpg 225w, https:\/\/www.kiwanis.ch\/wp-content\/uploads\/2022\/03\/8.-PHOTO-2021-10-16-15-18-50-768x1024.jpg 768w, https:\/\/www.kiwanis.ch\/wp-content\/uploads\/2022\/03\/8.-PHOTO-2021-10-16-15-18-50-1152x1536.jpg 1152w, https:\/\/www.kiwanis.ch\/wp-content\/uploads\/2022\/03\/8.-PHOTO-2021-10-16-15-18-50-600x800.jpg 600w, https:\/\/www.kiwanis.ch\/wp-content\/uploads\/2022\/03\/8.-PHOTO-2021-10-16-15-18-50.jpg 1536w\" sizes=\"(max-width: 225px) 100vw, 225px\" \/><\/a>\n\t\t\t<\/div><\/figure>\n\t\t<\/div>\n\n","protected":false},"excerpt":{"rendered":"<p>In ossequio allo spirito sociale del Club, su iniziativa di alcuni nostri membri, nel corso dell\u2019estate del 2021 si \u00e8 dato avvio ad un progetto di aiuto \u2013 collaborazione con la Culla San Marco di Bellinzona. La Culla San Marco da decenni si \u00e8 in effetti conquistata una nicchia di simpatia e considerazione nel cuore [&hellip;]<\/p>\n","protected":false},"author":5,"featured_media":9485,"comment_status":"closed","ping_status":"closed","sticky":false,"template":"","format":"standard","meta":{"footnotes":""},"categories":[],"tags":[],"class_list":["post-9465","post","type-post","status-publish","format-standard","has-post-thumbnail","hentry"],"yoast_head":"<!-- This site is optimized with the Yoast SEO plugin v28.4 - https:\/\/yoast.com\/product\/yoast-seo-wordpress\/ -->\n<title>Una lodevole iniziativa - Kiwanis International District Switzerland-Liechtenstein<\/title>\n<meta name=\"robots\" content=\"index, follow, max-snippet:-1, max-image-preview:large, max-video-preview:-1\" \/>\n<link rel=\"canonical\" href=\"https:\/\/www.kiwanis.ch\/it\/una-lodevole-iniziativa\/\" \/>\n<meta property=\"og:locale\" content=\"it_IT\" \/>\n<meta property=\"og:type\" content=\"article\" \/>\n<meta property=\"og:title\" content=\"Una lodevole iniziativa - Kiwanis International District Switzerland-Liechtenstein\" \/>\n<meta property=\"og:description\" content=\"In ossequio allo spirito sociale del Club, su iniziativa di alcuni nostri membri, nel corso dell\u2019estate del 2021 si \u00e8 dato avvio ad un progetto di aiuto \u2013 collaborazione con la Culla San Marco di Bellinzona. La Culla San Marco da decenni si \u00e8 in effetti conquistata una nicchia di simpatia e considerazione nel cuore [&hellip;]\" \/>\n<meta property=\"og:url\" content=\"https:\/\/www.kiwanis.ch\/it\/una-lodevole-iniziativa\/\" \/>\n<meta property=\"og:site_name\" content=\"Kiwanis International District Switzerland-Liechtenstein\" \/>\n<meta property=\"article:published_time\" content=\"2022-01-12T09:00:00+00:00\" \/>\n<meta property=\"article:modified_time\" content=\"2022-03-03T09:51:12+00:00\" \/>\n<meta property=\"og:image\" content=\"https:\/\/www.kiwanis.ch\/wp-content\/uploads\/2022\/03\/1.-PHOTO-2021-09-08-19-16-37.jpg\" \/>\n\t<meta property=\"og:image:width\" content=\"2016\" \/>\n\t<meta property=\"og:image:height\" content=\"1134\" \/>\n\t<meta property=\"og:image:type\" content=\"image\/jpeg\" \/>\n<meta name=\"author\" content=\"Redaktion\" \/>\n<meta name=\"twitter:card\" content=\"summary_large_image\" \/>\n<meta name=\"twitter:image\" content=\"https:\/\/www.kiwanis.ch\/wp-content\/uploads\/2022\/03\/1.-PHOTO-2021-09-08-19-16-37.jpg\" \/>\n<meta name=\"twitter:label1\" content=\"Scritto da\" \/>\n\t<meta name=\"twitter:data1\" content=\"Redaktion\" \/>\n\t<meta name=\"twitter:label2\" content=\"Tempo di lettura stimato\" \/>\n\t<meta name=\"twitter:data2\" content=\"3 minuti\" \/>\n<script type=\"application\/ld+json\" class=\"yoast-schema-graph\">{\"@context\":\"https:\\\/\\\/schema.org\",\"@graph\":[{\"@type\":\"Article\",\"@id\":\"https:\\\/\\\/www.kiwanis.ch\\\/it\\\/una-lodevole-iniziativa\\\/#article\",\"isPartOf\":{\"@id\":\"https:\\\/\\\/www.kiwanis.ch\\\/it\\\/una-lodevole-iniziativa\\\/\"},\"author\":{\"name\":\"Redaktion\",\"@id\":\"https:\\\/\\\/www.kiwanis.ch\\\/it\\\/#\\\/schema\\\/person\\\/32e076a576cc36b251d0d73060b06f13\"},\"headline\":\"Una lodevole iniziativa\",\"datePublished\":\"2022-01-12T09:00:00+00:00\",\"dateModified\":\"2022-03-03T09:51:12+00:00\",\"mainEntityOfPage\":{\"@id\":\"https:\\\/\\\/www.kiwanis.ch\\\/it\\\/una-lodevole-iniziativa\\\/\"},\"wordCount\":540,\"image\":{\"@id\":\"https:\\\/\\\/www.kiwanis.ch\\\/it\\\/una-lodevole-iniziativa\\\/#primaryimage\"},\"thumbnailUrl\":\"https:\\\/\\\/www.kiwanis.ch\\\/wp-content\\\/uploads\\\/2022\\\/03\\\/1.-PHOTO-2021-09-08-19-16-37.jpg\",\"inLanguage\":\"it-IT\"},{\"@type\":\"WebPage\",\"@id\":\"https:\\\/\\\/www.kiwanis.ch\\\/it\\\/una-lodevole-iniziativa\\\/\",\"url\":\"https:\\\/\\\/www.kiwanis.ch\\\/it\\\/una-lodevole-iniziativa\\\/\",\"name\":\"Una lodevole iniziativa - Kiwanis International District Switzerland-Liechtenstein\",\"isPartOf\":{\"@id\":\"https:\\\/\\\/www.kiwanis.ch\\\/it\\\/#website\"},\"primaryImageOfPage\":{\"@id\":\"https:\\\/\\\/www.kiwanis.ch\\\/it\\\/una-lodevole-iniziativa\\\/#primaryimage\"},\"image\":{\"@id\":\"https:\\\/\\\/www.kiwanis.ch\\\/it\\\/una-lodevole-iniziativa\\\/#primaryimage\"},\"thumbnailUrl\":\"https:\\\/\\\/www.kiwanis.ch\\\/wp-content\\\/uploads\\\/2022\\\/03\\\/1.-PHOTO-2021-09-08-19-16-37.jpg\",\"datePublished\":\"2022-01-12T09:00:00+00:00\",\"dateModified\":\"2022-03-03T09:51:12+00:00\",\"author\":{\"@id\":\"https:\\\/\\\/www.kiwanis.ch\\\/it\\\/#\\\/schema\\\/person\\\/32e076a576cc36b251d0d73060b06f13\"},\"breadcrumb\":{\"@id\":\"https:\\\/\\\/www.kiwanis.ch\\\/it\\\/una-lodevole-iniziativa\\\/#breadcrumb\"},\"inLanguage\":\"it-IT\",\"potentialAction\":[{\"@type\":\"ReadAction\",\"target\":[\"https:\\\/\\\/www.kiwanis.ch\\\/it\\\/una-lodevole-iniziativa\\\/\"]}]},{\"@type\":\"ImageObject\",\"inLanguage\":\"it-IT\",\"@id\":\"https:\\\/\\\/www.kiwanis.ch\\\/it\\\/una-lodevole-iniziativa\\\/#primaryimage\",\"url\":\"https:\\\/\\\/www.kiwanis.ch\\\/wp-content\\\/uploads\\\/2022\\\/03\\\/1.-PHOTO-2021-09-08-19-16-37.jpg\",\"contentUrl\":\"https:\\\/\\\/www.kiwanis.ch\\\/wp-content\\\/uploads\\\/2022\\\/03\\\/1.-PHOTO-2021-09-08-19-16-37.jpg\",\"width\":2016,\"height\":1134},{\"@type\":\"BreadcrumbList\",\"@id\":\"https:\\\/\\\/www.kiwanis.ch\\\/it\\\/una-lodevole-iniziativa\\\/#breadcrumb\",\"itemListElement\":[{\"@type\":\"ListItem\",\"position\":1,\"name\":\"Startseite\",\"item\":\"https:\\\/\\\/www.kiwanis.ch\\\/it\\\/\"},{\"@type\":\"ListItem\",\"position\":2,\"name\":\"Una lodevole iniziativa\"}]},{\"@type\":\"WebSite\",\"@id\":\"https:\\\/\\\/www.kiwanis.ch\\\/it\\\/#website\",\"url\":\"https:\\\/\\\/www.kiwanis.ch\\\/it\\\/\",\"name\":\"Kiwanis International District Switzerland-Liechtenstein\",\"description\":\"\",\"potentialAction\":[{\"@type\":\"SearchAction\",\"target\":{\"@type\":\"EntryPoint\",\"urlTemplate\":\"https:\\\/\\\/www.kiwanis.ch\\\/it\\\/?s={search_term_string}\"},\"query-input\":{\"@type\":\"PropertyValueSpecification\",\"valueRequired\":true,\"valueName\":\"search_term_string\"}}],\"inLanguage\":\"it-IT\"},{\"@type\":\"Person\",\"@id\":\"https:\\\/\\\/www.kiwanis.ch\\\/it\\\/#\\\/schema\\\/person\\\/32e076a576cc36b251d0d73060b06f13\",\"name\":\"Redaktion\"}]}<\/script>\n<!-- \/ Yoast SEO plugin. -->","yoast_head_json":{"title":"Una lodevole iniziativa - Kiwanis International District Switzerland-Liechtenstein","robots":{"index":"index","follow":"follow","max-snippet":"max-snippet:-1","max-image-preview":"max-image-preview:large","max-video-preview":"max-video-preview:-1"},"canonical":"https:\/\/www.kiwanis.ch\/it\/una-lodevole-iniziativa\/","og_locale":"it_IT","og_type":"article","og_title":"Una lodevole iniziativa - Kiwanis International District Switzerland-Liechtenstein","og_description":"In ossequio allo spirito sociale del Club, su iniziativa di alcuni nostri membri, nel corso dell\u2019estate del 2021 si \u00e8 dato avvio ad un progetto di aiuto \u2013 collaborazione con la Culla San Marco di Bellinzona. La Culla San Marco da decenni si \u00e8 in effetti conquistata una nicchia di simpatia e considerazione nel cuore [&hellip;]","og_url":"https:\/\/www.kiwanis.ch\/it\/una-lodevole-iniziativa\/","og_site_name":"Kiwanis International District Switzerland-Liechtenstein","article_published_time":"2022-01-12T09:00:00+00:00","article_modified_time":"2022-03-03T09:51:12+00:00","og_image":[{"width":2016,"height":1134,"url":"https:\/\/www.kiwanis.ch\/wp-content\/uploads\/2022\/03\/1.-PHOTO-2021-09-08-19-16-37.jpg","type":"image\/jpeg"}],"author":"Redaktion","twitter_card":"summary_large_image","twitter_image":"https:\/\/www.kiwanis.ch\/wp-content\/uploads\/2022\/03\/1.-PHOTO-2021-09-08-19-16-37.jpg","twitter_misc":{"Scritto da":"Redaktion","Tempo di lettura stimato":"3 minuti"},"schema":{"@context":"https:\/\/schema.org","@graph":[{"@type":"Article","@id":"https:\/\/www.kiwanis.ch\/it\/una-lodevole-iniziativa\/#article","isPartOf":{"@id":"https:\/\/www.kiwanis.ch\/it\/una-lodevole-iniziativa\/"},"author":{"name":"Redaktion","@id":"https:\/\/www.kiwanis.ch\/it\/#\/schema\/person\/32e076a576cc36b251d0d73060b06f13"},"headline":"Una lodevole iniziativa","datePublished":"2022-01-12T09:00:00+00:00","dateModified":"2022-03-03T09:51:12+00:00","mainEntityOfPage":{"@id":"https:\/\/www.kiwanis.ch\/it\/una-lodevole-iniziativa\/"},"wordCount":540,"image":{"@id":"https:\/\/www.kiwanis.ch\/it\/una-lodevole-iniziativa\/#primaryimage"},"thumbnailUrl":"https:\/\/www.kiwanis.ch\/wp-content\/uploads\/2022\/03\/1.-PHOTO-2021-09-08-19-16-37.jpg","inLanguage":"it-IT"},{"@type":"WebPage","@id":"https:\/\/www.kiwanis.ch\/it\/una-lodevole-iniziativa\/","url":"https:\/\/www.kiwanis.ch\/it\/una-lodevole-iniziativa\/","name":"Una lodevole iniziativa - Kiwanis International District Switzerland-Liechtenstein","isPartOf":{"@id":"https:\/\/www.kiwanis.ch\/it\/#website"},"primaryImageOfPage":{"@id":"https:\/\/www.kiwanis.ch\/it\/una-lodevole-iniziativa\/#primaryimage"},"image":{"@id":"https:\/\/www.kiwanis.ch\/it\/una-lodevole-iniziativa\/#primaryimage"},"thumbnailUrl":"https:\/\/www.kiwanis.ch\/wp-content\/uploads\/2022\/03\/1.-PHOTO-2021-09-08-19-16-37.jpg","datePublished":"2022-01-12T09:00:00+00:00","dateModified":"2022-03-03T09:51:12+00:00","author":{"@id":"https:\/\/www.kiwanis.ch\/it\/#\/schema\/person\/32e076a576cc36b251d0d73060b06f13"},"breadcrumb":{"@id":"https:\/\/www.kiwanis.ch\/it\/una-lodevole-iniziativa\/#breadcrumb"},"inLanguage":"it-IT","potentialAction":[{"@type":"ReadAction","target":["https:\/\/www.kiwanis.ch\/it\/una-lodevole-iniziativa\/"]}]},{"@type":"ImageObject","inLanguage":"it-IT","@id":"https:\/\/www.kiwanis.ch\/it\/una-lodevole-iniziativa\/#primaryimage","url":"https:\/\/www.kiwanis.ch\/wp-content\/uploads\/2022\/03\/1.-PHOTO-2021-09-08-19-16-37.jpg","contentUrl":"https:\/\/www.kiwanis.ch\/wp-content\/uploads\/2022\/03\/1.-PHOTO-2021-09-08-19-16-37.jpg","width":2016,"height":1134},{"@type":"BreadcrumbList","@id":"https:\/\/www.kiwanis.ch\/it\/una-lodevole-iniziativa\/#breadcrumb","itemListElement":[{"@type":"ListItem","position":1,"name":"Startseite","item":"https:\/\/www.kiwanis.ch\/it\/"},{"@type":"ListItem","position":2,"name":"Una lodevole iniziativa"}]},{"@type":"WebSite","@id":"https:\/\/www.kiwanis.ch\/it\/#website","url":"https:\/\/www.kiwanis.ch\/it\/","name":"Kiwanis International District Switzerland-Liechtenstein","description":"","potentialAction":[{"@type":"SearchAction","target":{"@type":"EntryPoint","urlTemplate":"https:\/\/www.kiwanis.ch\/it\/?s={search_term_string}"},"query-input":{"@type":"PropertyValueSpecification","valueRequired":true,"valueName":"search_term_string"}}],"inLanguage":"it-IT"},{"@type":"Person","@id":"https:\/\/www.kiwanis.ch\/it\/#\/schema\/person\/32e076a576cc36b251d0d73060b06f13","name":"Redaktion"}]}},"_links":{"self":[{"href":"https:\/\/www.kiwanis.ch\/it\/wp-json\/wp\/v2\/posts\/9465","targetHints":{"allow":["GET"]}}],"collection":[{"href":"https:\/\/www.kiwanis.ch\/it\/wp-json\/wp\/v2\/posts"}],"about":[{"href":"https:\/\/www.kiwanis.ch\/it\/wp-json\/wp\/v2\/types\/post"}],"author":[{"embeddable":true,"href":"https:\/\/www.kiwanis.ch\/it\/wp-json\/wp\/v2\/users\/5"}],"replies":[{"embeddable":true,"href":"https:\/\/www.kiwanis.ch\/it\/wp-json\/wp\/v2\/comments?post=9465"}],"version-history":[{"count":4,"href":"https:\/\/www.kiwanis.ch\/it\/wp-json\/wp\/v2\/posts\/9465\/revisions"}],"predecessor-version":[{"id":9648,"href":"https:\/\/www.kiwanis.ch\/it\/wp-json\/wp\/v2\/posts\/9465\/revisions\/9648"}],"wp:featuredmedia":[{"embeddable":true,"href":"https:\/\/www.kiwanis.ch\/it\/wp-json\/wp\/v2\/media\/9485"}],"wp:attachment":[{"href":"https:\/\/www.kiwanis.ch\/it\/wp-json\/wp\/v2\/media?parent=9465"}],"wp:term":[{"taxonomy":"category","embeddable":true,"href":"https:\/\/www.kiwanis.ch\/it\/wp-json\/wp\/v2\/categories?post=9465"},{"taxonomy":"post_tag","embeddable":true,"href":"https:\/\/www.kiwanis.ch\/it\/wp-json\/wp\/v2\/tags?post=9465"}],"curies":[{"name":"wp","href":"https:\/\/api.w.org\/{rel}","templated":true}]}}