{"id":20860,"date":"2024-08-22T10:00:00","date_gmt":"2024-08-22T08:00:00","guid":{"rendered":"https:\/\/www.kiwanis.ch\/?p=20860"},"modified":"2024-06-03T16:13:56","modified_gmt":"2024-06-03T14:13:56","slug":"la-festa-delle-famiglie","status":"publish","type":"post","link":"https:\/\/www.kiwanis.ch\/it\/la-festa-delle-famiglie\/","title":{"rendered":"La festa delle famiglie"},"content":{"rendered":"<p style=\"text-align: justify;\"><span style=\"color: hsl(0, 0%, 0%);\">Ha avuto luogo in maggio in Valle Bavona (Vallemaggia), un vero successo. Ben un\u2019ottantina di Soci e famigliari hanno partecipato a questa escursione in un luogo incantevole del Ticino. Il programma prevedeva inizialmente un\u2019introduzione generale da parte della guida Nicoletta Dutly sulla Valle Bavona: geo-morfologia\/insediamento, umano\/natura, presentazione della Fondazione Valle Bavona.<\/span><\/p>\n<p style=\"text-align: justify;\"><span style=\"color: hsl(0, 0%, 0%);\">In seguito si \u00e8 potuto visitare nella terra di Sabbione i suoi spl\u00fci, poi a Ritorto la sua selva castanile e lo Spl\u00fci d\u2019Inselmitt e da Roseto fino a Foroglio con informazioni naturalistiche e storiche. Per la quindicina di ragazzi convenuti \u00e8 stata per contro organizzata a parte una sorta di \u00abcaccia al tesoro\u00bb.<\/span><\/p>\n<p style=\"text-align: justify;\"><span style=\"color: hsl(0, 0%, 0%);\">In seguito ci si \u00e8 ritrovati tutti al Ristorante Froda di Foroglio, proprio di fronte alla famosa cascata (la pi\u00f9 alta d\u2019Europa!) per l\u2019aperitivo ed il pranzo ben organizzato, che ha culminato una giornata in allegria fra Soci dei 4 Club della Divisione ed i loro famigliari. Nel corso del pomeriggio \u00e8 poi stato annunciato a chi verranno attribuiti i 4000 franchi raccolti per questa manifestazione a scopo benefico, la Colonia\/Casa di Cerentino (Fondazione Alberto Pedrazzini) a favore dei bambini e ragazzi di famiglie in difficolt\u00e0.<\/span><\/p>\n<p style=\"text-align: justify;\"><span style=\"color: hsl(0, 0%, 0%);\"><strong>AK Emilio Scossa-Baggi<\/strong><\/span><\/p>\n<div id='gallery-1' class='gallery galleryid-20860 gallery-columns-3 gallery-size-thumbnail'><figure class='gallery-item'>\n\t\t\t<div class='gallery-icon landscape'>\n\t\t\t\t<a href='https:\/\/www.kiwanis.ch\/wp-content\/uploads\/2024\/08\/bellinzona1.jpg'><img decoding=\"async\" width=\"150\" height=\"150\" src=\"https:\/\/www.kiwanis.ch\/wp-content\/uploads\/2024\/08\/bellinzona1-150x150.jpg\" class=\"attachment-thumbnail size-thumbnail\" alt=\"La festa delle famiglie\" srcset=\"https:\/\/www.kiwanis.ch\/wp-content\/uploads\/2024\/08\/bellinzona1-150x150.jpg 150w, https:\/\/www.kiwanis.ch\/wp-content\/uploads\/2024\/08\/bellinzona1-230x230.jpg 230w, https:\/\/www.kiwanis.ch\/wp-content\/uploads\/2024\/08\/bellinzona1-400x400.jpg 400w, https:\/\/www.kiwanis.ch\/wp-content\/uploads\/2024\/08\/bellinzona1-640x640.jpg 640w\" sizes=\"(max-width: 150px) 100vw, 150px\" \/><\/a>\n\t\t\t<\/div><\/figure><figure class='gallery-item'>\n\t\t\t<div class='gallery-icon portrait'>\n\t\t\t\t<a href='https:\/\/www.kiwanis.ch\/wp-content\/uploads\/2024\/08\/bellinzona3.jpg'><img decoding=\"async\" width=\"150\" height=\"150\" src=\"https:\/\/www.kiwanis.ch\/wp-content\/uploads\/2024\/08\/bellinzona3-150x150.jpg\" class=\"attachment-thumbnail size-thumbnail\" alt=\"La festa delle famiglie\" srcset=\"https:\/\/www.kiwanis.ch\/wp-content\/uploads\/2024\/08\/bellinzona3-150x150.jpg 150w, https:\/\/www.kiwanis.ch\/wp-content\/uploads\/2024\/08\/bellinzona3-230x230.jpg 230w, https:\/\/www.kiwanis.ch\/wp-content\/uploads\/2024\/08\/bellinzona3-400x400.jpg 400w, https:\/\/www.kiwanis.ch\/wp-content\/uploads\/2024\/08\/bellinzona3-640x640.jpg 640w\" sizes=\"(max-width: 150px) 100vw, 150px\" \/><\/a>\n\t\t\t<\/div><\/figure><figure class='gallery-item'>\n\t\t\t<div class='gallery-icon landscape'>\n\t\t\t\t<a href='https:\/\/www.kiwanis.ch\/wp-content\/uploads\/2024\/08\/bellinzona.jpg'><img decoding=\"async\" width=\"150\" height=\"150\" src=\"https:\/\/www.kiwanis.ch\/wp-content\/uploads\/2024\/08\/bellinzona-150x150.jpg\" class=\"attachment-thumbnail size-thumbnail\" alt=\"La festa delle famiglie\" srcset=\"https:\/\/www.kiwanis.ch\/wp-content\/uploads\/2024\/08\/bellinzona-150x150.jpg 150w, https:\/\/www.kiwanis.ch\/wp-content\/uploads\/2024\/08\/bellinzona-230x230.jpg 230w, https:\/\/www.kiwanis.ch\/wp-content\/uploads\/2024\/08\/bellinzona-400x400.jpg 400w, https:\/\/www.kiwanis.ch\/wp-content\/uploads\/2024\/08\/bellinzona-640x640.jpg 640w\" sizes=\"(max-width: 150px) 100vw, 150px\" \/><\/a>\n\t\t\t<\/div><\/figure><figure class='gallery-item'>\n\t\t\t<div class='gallery-icon portrait'>\n\t\t\t\t<a href='https:\/\/www.kiwanis.ch\/wp-content\/uploads\/2024\/08\/bellinzona2.jpg'><img loading=\"lazy\" decoding=\"async\" width=\"150\" height=\"150\" src=\"https:\/\/www.kiwanis.ch\/wp-content\/uploads\/2024\/08\/bellinzona2-150x150.jpg\" class=\"attachment-thumbnail size-thumbnail\" alt=\"La festa delle famiglie\" srcset=\"https:\/\/www.kiwanis.ch\/wp-content\/uploads\/2024\/08\/bellinzona2-150x150.jpg 150w, https:\/\/www.kiwanis.ch\/wp-content\/uploads\/2024\/08\/bellinzona2-230x230.jpg 230w, https:\/\/www.kiwanis.ch\/wp-content\/uploads\/2024\/08\/bellinzona2-400x400.jpg 400w, https:\/\/www.kiwanis.ch\/wp-content\/uploads\/2024\/08\/bellinzona2-640x640.jpg 640w\" sizes=\"(max-width: 150px) 100vw, 150px\" \/><\/a>\n\t\t\t<\/div><\/figure>\n\t\t<\/div>\n\n","protected":false},"excerpt":{"rendered":"<p>Ha avuto luogo in maggio in Valle Bavona (Vallemaggia), un vero successo. Ben un\u2019ottantina di Soci e famigliari hanno partecipato a questa escursione in un luogo incantevole del Ticino. Il programma prevedeva inizialmente un\u2019introduzione generale da parte della guida Nicoletta Dutly sulla Valle Bavona: geo-morfologia\/insediamento, umano\/natura, presentazione della Fondazione Valle Bavona. In seguito si \u00e8 [&hellip;]<\/p>\n","protected":false},"author":5,"featured_media":20935,"comment_status":"closed","ping_status":"closed","sticky":false,"template":"","format":"standard","meta":{"footnotes":""},"categories":[74],"tags":[],"class_list":["post-20860","post","type-post","status-publish","format-standard","has-post-thumbnail","hentry","category-clubleben-it"],"yoast_head":"<!-- This site is optimized with the Yoast SEO plugin v28.4 - https:\/\/yoast.com\/product\/yoast-seo-wordpress\/ -->\n<title>La festa delle famiglie - Kiwanis International District Switzerland-Liechtenstein<\/title>\n<meta name=\"robots\" content=\"index, follow, max-snippet:-1, max-image-preview:large, max-video-preview:-1\" \/>\n<link rel=\"canonical\" href=\"https:\/\/www.kiwanis.ch\/it\/la-festa-delle-famiglie\/\" \/>\n<meta property=\"og:locale\" content=\"it_IT\" \/>\n<meta property=\"og:type\" content=\"article\" \/>\n<meta property=\"og:title\" content=\"La festa delle famiglie - Kiwanis International District Switzerland-Liechtenstein\" \/>\n<meta property=\"og:description\" content=\"Ha avuto luogo in maggio in Valle Bavona (Vallemaggia), un vero successo. Ben un\u2019ottantina di Soci e famigliari hanno partecipato a questa escursione in un luogo incantevole del Ticino. Il programma prevedeva inizialmente un\u2019introduzione generale da parte della guida Nicoletta Dutly sulla Valle Bavona: geo-morfologia\/insediamento, umano\/natura, presentazione della Fondazione Valle Bavona. In seguito si \u00e8 [&hellip;]\" \/>\n<meta property=\"og:url\" content=\"https:\/\/www.kiwanis.ch\/it\/la-festa-delle-famiglie\/\" \/>\n<meta property=\"og:site_name\" content=\"Kiwanis International District Switzerland-Liechtenstein\" \/>\n<meta property=\"article:published_time\" content=\"2024-08-22T08:00:00+00:00\" \/>\n<meta property=\"og:image\" content=\"https:\/\/www.kiwanis.ch\/wp-content\/uploads\/2024\/08\/bellinzona4.jpg\" \/>\n\t<meta property=\"og:image:width\" content=\"1920\" \/>\n\t<meta property=\"og:image:height\" content=\"1010\" \/>\n\t<meta property=\"og:image:type\" content=\"image\/jpeg\" \/>\n<meta name=\"author\" content=\"Redaktion\" \/>\n<meta name=\"twitter:card\" content=\"summary_large_image\" \/>\n<meta name=\"twitter:label1\" content=\"Scritto da\" \/>\n\t<meta name=\"twitter:data1\" content=\"Redaktion\" \/>\n\t<meta name=\"twitter:label2\" content=\"Tempo di lettura stimato\" \/>\n\t<meta name=\"twitter:data2\" content=\"2 minuti\" \/>\n<script type=\"application\/ld+json\" class=\"yoast-schema-graph\">{\"@context\":\"https:\\\/\\\/schema.org\",\"@graph\":[{\"@type\":\"Article\",\"@id\":\"https:\\\/\\\/www.kiwanis.ch\\\/it\\\/la-festa-delle-famiglie\\\/#article\",\"isPartOf\":{\"@id\":\"https:\\\/\\\/www.kiwanis.ch\\\/it\\\/la-festa-delle-famiglie\\\/\"},\"author\":{\"name\":\"Redaktion\",\"@id\":\"https:\\\/\\\/www.kiwanis.ch\\\/it\\\/#\\\/schema\\\/person\\\/32e076a576cc36b251d0d73060b06f13\"},\"headline\":\"La festa delle famiglie\",\"datePublished\":\"2024-08-22T08:00:00+00:00\",\"mainEntityOfPage\":{\"@id\":\"https:\\\/\\\/www.kiwanis.ch\\\/it\\\/la-festa-delle-famiglie\\\/\"},\"wordCount\":206,\"image\":{\"@id\":\"https:\\\/\\\/www.kiwanis.ch\\\/it\\\/la-festa-delle-famiglie\\\/#primaryimage\"},\"thumbnailUrl\":\"https:\\\/\\\/www.kiwanis.ch\\\/wp-content\\\/uploads\\\/2024\\\/08\\\/bellinzona4.jpg\",\"articleSection\":[\"Clubleben\"],\"inLanguage\":\"it-IT\"},{\"@type\":\"WebPage\",\"@id\":\"https:\\\/\\\/www.kiwanis.ch\\\/it\\\/la-festa-delle-famiglie\\\/\",\"url\":\"https:\\\/\\\/www.kiwanis.ch\\\/it\\\/la-festa-delle-famiglie\\\/\",\"name\":\"La festa delle famiglie - Kiwanis International District Switzerland-Liechtenstein\",\"isPartOf\":{\"@id\":\"https:\\\/\\\/www.kiwanis.ch\\\/it\\\/#website\"},\"primaryImageOfPage\":{\"@id\":\"https:\\\/\\\/www.kiwanis.ch\\\/it\\\/la-festa-delle-famiglie\\\/#primaryimage\"},\"image\":{\"@id\":\"https:\\\/\\\/www.kiwanis.ch\\\/it\\\/la-festa-delle-famiglie\\\/#primaryimage\"},\"thumbnailUrl\":\"https:\\\/\\\/www.kiwanis.ch\\\/wp-content\\\/uploads\\\/2024\\\/08\\\/bellinzona4.jpg\",\"datePublished\":\"2024-08-22T08:00:00+00:00\",\"author\":{\"@id\":\"https:\\\/\\\/www.kiwanis.ch\\\/it\\\/#\\\/schema\\\/person\\\/32e076a576cc36b251d0d73060b06f13\"},\"breadcrumb\":{\"@id\":\"https:\\\/\\\/www.kiwanis.ch\\\/it\\\/la-festa-delle-famiglie\\\/#breadcrumb\"},\"inLanguage\":\"it-IT\",\"potentialAction\":[{\"@type\":\"ReadAction\",\"target\":[\"https:\\\/\\\/www.kiwanis.ch\\\/it\\\/la-festa-delle-famiglie\\\/\"]}]},{\"@type\":\"ImageObject\",\"inLanguage\":\"it-IT\",\"@id\":\"https:\\\/\\\/www.kiwanis.ch\\\/it\\\/la-festa-delle-famiglie\\\/#primaryimage\",\"url\":\"https:\\\/\\\/www.kiwanis.ch\\\/wp-content\\\/uploads\\\/2024\\\/08\\\/bellinzona4.jpg\",\"contentUrl\":\"https:\\\/\\\/www.kiwanis.ch\\\/wp-content\\\/uploads\\\/2024\\\/08\\\/bellinzona4.jpg\",\"width\":1920,\"height\":1010,\"caption\":\"La festa delle famiglie\"},{\"@type\":\"BreadcrumbList\",\"@id\":\"https:\\\/\\\/www.kiwanis.ch\\\/it\\\/la-festa-delle-famiglie\\\/#breadcrumb\",\"itemListElement\":[{\"@type\":\"ListItem\",\"position\":1,\"name\":\"Startseite\",\"item\":\"https:\\\/\\\/www.kiwanis.ch\\\/it\\\/\"},{\"@type\":\"ListItem\",\"position\":2,\"name\":\"La festa delle famiglie\"}]},{\"@type\":\"WebSite\",\"@id\":\"https:\\\/\\\/www.kiwanis.ch\\\/it\\\/#website\",\"url\":\"https:\\\/\\\/www.kiwanis.ch\\\/it\\\/\",\"name\":\"Kiwanis International District Switzerland-Liechtenstein\",\"description\":\"\",\"potentialAction\":[{\"@type\":\"SearchAction\",\"target\":{\"@type\":\"EntryPoint\",\"urlTemplate\":\"https:\\\/\\\/www.kiwanis.ch\\\/it\\\/?s={search_term_string}\"},\"query-input\":{\"@type\":\"PropertyValueSpecification\",\"valueRequired\":true,\"valueName\":\"search_term_string\"}}],\"inLanguage\":\"it-IT\"},{\"@type\":\"Person\",\"@id\":\"https:\\\/\\\/www.kiwanis.ch\\\/it\\\/#\\\/schema\\\/person\\\/32e076a576cc36b251d0d73060b06f13\",\"name\":\"Redaktion\"}]}<\/script>\n<!-- \/ Yoast SEO plugin. -->","yoast_head_json":{"title":"La festa delle famiglie - Kiwanis International District Switzerland-Liechtenstein","robots":{"index":"index","follow":"follow","max-snippet":"max-snippet:-1","max-image-preview":"max-image-preview:large","max-video-preview":"max-video-preview:-1"},"canonical":"https:\/\/www.kiwanis.ch\/it\/la-festa-delle-famiglie\/","og_locale":"it_IT","og_type":"article","og_title":"La festa delle famiglie - Kiwanis International District Switzerland-Liechtenstein","og_description":"Ha avuto luogo in maggio in Valle Bavona (Vallemaggia), un vero successo. Ben un\u2019ottantina di Soci e famigliari hanno partecipato a questa escursione in un luogo incantevole del Ticino. Il programma prevedeva inizialmente un\u2019introduzione generale da parte della guida Nicoletta Dutly sulla Valle Bavona: geo-morfologia\/insediamento, umano\/natura, presentazione della Fondazione Valle Bavona. In seguito si \u00e8 [&hellip;]","og_url":"https:\/\/www.kiwanis.ch\/it\/la-festa-delle-famiglie\/","og_site_name":"Kiwanis International District Switzerland-Liechtenstein","article_published_time":"2024-08-22T08:00:00+00:00","og_image":[{"width":1920,"height":1010,"url":"https:\/\/www.kiwanis.ch\/wp-content\/uploads\/2024\/08\/bellinzona4.jpg","type":"image\/jpeg"}],"author":"Redaktion","twitter_card":"summary_large_image","twitter_misc":{"Scritto da":"Redaktion","Tempo di lettura stimato":"2 minuti"},"schema":{"@context":"https:\/\/schema.org","@graph":[{"@type":"Article","@id":"https:\/\/www.kiwanis.ch\/it\/la-festa-delle-famiglie\/#article","isPartOf":{"@id":"https:\/\/www.kiwanis.ch\/it\/la-festa-delle-famiglie\/"},"author":{"name":"Redaktion","@id":"https:\/\/www.kiwanis.ch\/it\/#\/schema\/person\/32e076a576cc36b251d0d73060b06f13"},"headline":"La festa delle famiglie","datePublished":"2024-08-22T08:00:00+00:00","mainEntityOfPage":{"@id":"https:\/\/www.kiwanis.ch\/it\/la-festa-delle-famiglie\/"},"wordCount":206,"image":{"@id":"https:\/\/www.kiwanis.ch\/it\/la-festa-delle-famiglie\/#primaryimage"},"thumbnailUrl":"https:\/\/www.kiwanis.ch\/wp-content\/uploads\/2024\/08\/bellinzona4.jpg","articleSection":["Clubleben"],"inLanguage":"it-IT"},{"@type":"WebPage","@id":"https:\/\/www.kiwanis.ch\/it\/la-festa-delle-famiglie\/","url":"https:\/\/www.kiwanis.ch\/it\/la-festa-delle-famiglie\/","name":"La festa delle famiglie - Kiwanis International District Switzerland-Liechtenstein","isPartOf":{"@id":"https:\/\/www.kiwanis.ch\/it\/#website"},"primaryImageOfPage":{"@id":"https:\/\/www.kiwanis.ch\/it\/la-festa-delle-famiglie\/#primaryimage"},"image":{"@id":"https:\/\/www.kiwanis.ch\/it\/la-festa-delle-famiglie\/#primaryimage"},"thumbnailUrl":"https:\/\/www.kiwanis.ch\/wp-content\/uploads\/2024\/08\/bellinzona4.jpg","datePublished":"2024-08-22T08:00:00+00:00","author":{"@id":"https:\/\/www.kiwanis.ch\/it\/#\/schema\/person\/32e076a576cc36b251d0d73060b06f13"},"breadcrumb":{"@id":"https:\/\/www.kiwanis.ch\/it\/la-festa-delle-famiglie\/#breadcrumb"},"inLanguage":"it-IT","potentialAction":[{"@type":"ReadAction","target":["https:\/\/www.kiwanis.ch\/it\/la-festa-delle-famiglie\/"]}]},{"@type":"ImageObject","inLanguage":"it-IT","@id":"https:\/\/www.kiwanis.ch\/it\/la-festa-delle-famiglie\/#primaryimage","url":"https:\/\/www.kiwanis.ch\/wp-content\/uploads\/2024\/08\/bellinzona4.jpg","contentUrl":"https:\/\/www.kiwanis.ch\/wp-content\/uploads\/2024\/08\/bellinzona4.jpg","width":1920,"height":1010,"caption":"La festa delle famiglie"},{"@type":"BreadcrumbList","@id":"https:\/\/www.kiwanis.ch\/it\/la-festa-delle-famiglie\/#breadcrumb","itemListElement":[{"@type":"ListItem","position":1,"name":"Startseite","item":"https:\/\/www.kiwanis.ch\/it\/"},{"@type":"ListItem","position":2,"name":"La festa delle famiglie"}]},{"@type":"WebSite","@id":"https:\/\/www.kiwanis.ch\/it\/#website","url":"https:\/\/www.kiwanis.ch\/it\/","name":"Kiwanis International District Switzerland-Liechtenstein","description":"","potentialAction":[{"@type":"SearchAction","target":{"@type":"EntryPoint","urlTemplate":"https:\/\/www.kiwanis.ch\/it\/?s={search_term_string}"},"query-input":{"@type":"PropertyValueSpecification","valueRequired":true,"valueName":"search_term_string"}}],"inLanguage":"it-IT"},{"@type":"Person","@id":"https:\/\/www.kiwanis.ch\/it\/#\/schema\/person\/32e076a576cc36b251d0d73060b06f13","name":"Redaktion"}]}},"_links":{"self":[{"href":"https:\/\/www.kiwanis.ch\/it\/wp-json\/wp\/v2\/posts\/20860","targetHints":{"allow":["GET"]}}],"collection":[{"href":"https:\/\/www.kiwanis.ch\/it\/wp-json\/wp\/v2\/posts"}],"about":[{"href":"https:\/\/www.kiwanis.ch\/it\/wp-json\/wp\/v2\/types\/post"}],"author":[{"embeddable":true,"href":"https:\/\/www.kiwanis.ch\/it\/wp-json\/wp\/v2\/users\/5"}],"replies":[{"embeddable":true,"href":"https:\/\/www.kiwanis.ch\/it\/wp-json\/wp\/v2\/comments?post=20860"}],"version-history":[{"count":3,"href":"https:\/\/www.kiwanis.ch\/it\/wp-json\/wp\/v2\/posts\/20860\/revisions"}],"predecessor-version":[{"id":20939,"href":"https:\/\/www.kiwanis.ch\/it\/wp-json\/wp\/v2\/posts\/20860\/revisions\/20939"}],"wp:featuredmedia":[{"embeddable":true,"href":"https:\/\/www.kiwanis.ch\/it\/wp-json\/wp\/v2\/media\/20935"}],"wp:attachment":[{"href":"https:\/\/www.kiwanis.ch\/it\/wp-json\/wp\/v2\/media?parent=20860"}],"wp:term":[{"taxonomy":"category","embeddable":true,"href":"https:\/\/www.kiwanis.ch\/it\/wp-json\/wp\/v2\/categories?post=20860"},{"taxonomy":"post_tag","embeddable":true,"href":"https:\/\/www.kiwanis.ch\/it\/wp-json\/wp\/v2\/tags?post=20860"}],"curies":[{"name":"wp","href":"https:\/\/api.w.org\/{rel}","templated":true}]}}