{"id":11208,"date":"2022-08-09T10:00:00","date_gmt":"2022-08-09T08:00:00","guid":{"rendered":"https:\/\/www.kiwanis.ch\/?p=11208"},"modified":"2022-07-05T13:09:46","modified_gmt":"2022-07-05T11:09:46","slug":"un-incontro-deccezione","status":"publish","type":"post","link":"https:\/\/www.kiwanis.ch\/it\/un-incontro-deccezione\/","title":{"rendered":"Un incontro d\u2019eccezione"},"content":{"rendered":"<p style=\"text-align: justify;\">Lo scorso 28 aprile 2022 si \u00e8 tenuta una conferenza organizzata dal KC Bellinzona e Valli che ha avuto quale relatore d\u2019eccezione il noto ex arbitro di calcio internazionale e attuale dirigente della classe arbitrale mondiale presso la FIFA Massimo Busacca, designato miglior arbitro del mondo nel 2009.<\/p>\n<p style=\"text-align: justify;\">L\u2019incontro, seguito da una trentina di associati, \u00e8 risultato decisamente accattivante, anche grazie alle qualit\u00e0 innegabili del relatore nel coinvolgere il pubblico attraverso la sua riconosciuta personalit\u00e0 in cui ne \u00e8 emersa la professionalit\u00e0 ai massimi livelli ma, soprattutto, una sorprendente carica di umanit\u00e0.<\/p>\n<p style=\"text-align: justify;\">Come non apprezzare infatti la sua semplicit\u00e0, la sua umilt\u00e0, la sua naturalezza nell\u2019immedesimarsi in una persona qualunque&#8230;ma con un valore umano aggiunto eccezionale. Al termine dell\u2019incontro ci si \u00e8 poi ritrovati per una cena in comune presso l\u2019Albergo Unione, in cui si sono ulteriormente rafforzati i contatti diretti con un personaggio decisamente fuori dal comune.<\/p>\n<p style=\"text-align: justify;\">E quindi la sorpresa finale: ammettendo di non aver avuto il tempo di informarsi compiutamente prima circa l\u2019attivit\u00e0 svolta e quali fossero gli scopi sociali del Club che l\u2019aveva invitato, una volta a conoscenza in particolare che ci si rivolge soprattutto alle attivit\u00e0 che coinvolgono i bambini bisognosi e meno, egli non ha esitato un istante e, molto sensibile verso questi aspetti, ha spontaneamente subito espresso il desiderio di farne parte.<\/p>\n<p style=\"text-align: justify;\">E di conseguenza, senza ulteriori indugi, Massimo Busacca \u00e8 stato proposto quale nuovo membro del Kiwanis Club di Bellinzona e Valli e successivamente \u00e8 stato presentato ed accettato nel nostro gremio: con grande soddisfazione possiamo quindi ora dare il benvenuto nel nostro Club a questa illustre nuovo socio.<\/p>\n<p style=\"text-align: justify;\"><strong>AK Emilio Scossa-Baggi<\/strong><\/p>\n<p style=\"text-align: justify;\"><span class=\"text-small\">Foto: wikipedia\/steindy<\/span><\/p>\n","protected":false},"excerpt":{"rendered":"<p>Lo scorso 28 aprile 2022 si \u00e8 tenuta una conferenza organizzata dal KC Bellinzona e Valli che ha avuto quale relatore d\u2019eccezione il noto ex arbitro di calcio internazionale e attuale dirigente della classe arbitrale mondiale presso la FIFA Massimo Busacca, designato miglior arbitro del mondo nel 2009. L\u2019incontro, seguito da una trentina di associati, [&hellip;]<\/p>\n","protected":false},"author":5,"featured_media":11212,"comment_status":"closed","ping_status":"closed","sticky":false,"template":"","format":"standard","meta":{"footnotes":""},"categories":[74,86],"tags":[],"class_list":["post-11208","post","type-post","status-publish","format-standard","has-post-thumbnail","hentry","category-clubleben-it","category-neumitglieder"],"yoast_head":"<!-- This site is optimized with the Yoast SEO plugin v28.4 - https:\/\/yoast.com\/product\/yoast-seo-wordpress\/ -->\n<title>Un incontro d\u2019eccezione - Kiwanis International District Switzerland-Liechtenstein<\/title>\n<meta name=\"robots\" content=\"index, follow, max-snippet:-1, max-image-preview:large, max-video-preview:-1\" \/>\n<link rel=\"canonical\" href=\"https:\/\/www.kiwanis.ch\/it\/un-incontro-deccezione\/\" \/>\n<meta property=\"og:locale\" content=\"it_IT\" \/>\n<meta property=\"og:type\" content=\"article\" \/>\n<meta property=\"og:title\" content=\"Un incontro d\u2019eccezione - Kiwanis International District Switzerland-Liechtenstein\" \/>\n<meta property=\"og:description\" content=\"Lo scorso 28 aprile 2022 si \u00e8 tenuta una conferenza organizzata dal KC Bellinzona e Valli che ha avuto quale relatore d\u2019eccezione il noto ex arbitro di calcio internazionale e attuale dirigente della classe arbitrale mondiale presso la FIFA Massimo Busacca, designato miglior arbitro del mondo nel 2009. L\u2019incontro, seguito da una trentina di associati, [&hellip;]\" \/>\n<meta property=\"og:url\" content=\"https:\/\/www.kiwanis.ch\/it\/un-incontro-deccezione\/\" \/>\n<meta property=\"og:site_name\" content=\"Kiwanis International District Switzerland-Liechtenstein\" \/>\n<meta property=\"article:published_time\" content=\"2022-08-09T08:00:00+00:00\" \/>\n<meta property=\"og:image\" content=\"https:\/\/www.kiwanis.ch\/wp-content\/uploads\/2022\/07\/Massimo_Busacca_Referee_Switzerland_03.jpg\" \/>\n\t<meta property=\"og:image:width\" content=\"1600\" \/>\n\t<meta property=\"og:image:height\" content=\"1600\" \/>\n\t<meta property=\"og:image:type\" content=\"image\/jpeg\" \/>\n<meta name=\"author\" content=\"Redaktion\" \/>\n<meta name=\"twitter:card\" content=\"summary_large_image\" \/>\n<meta name=\"twitter:image\" content=\"https:\/\/www.kiwanis.ch\/wp-content\/uploads\/2022\/07\/Massimo_Busacca_Referee_Switzerland_03.jpg\" \/>\n<meta name=\"twitter:label1\" content=\"Scritto da\" \/>\n\t<meta name=\"twitter:data1\" content=\"Redaktion\" \/>\n\t<meta name=\"twitter:label2\" content=\"Tempo di lettura stimato\" \/>\n\t<meta name=\"twitter:data2\" content=\"1 minuto\" \/>\n<script type=\"application\/ld+json\" class=\"yoast-schema-graph\">{\"@context\":\"https:\\\/\\\/schema.org\",\"@graph\":[{\"@type\":\"Article\",\"@id\":\"https:\\\/\\\/www.kiwanis.ch\\\/it\\\/un-incontro-deccezione\\\/#article\",\"isPartOf\":{\"@id\":\"https:\\\/\\\/www.kiwanis.ch\\\/it\\\/un-incontro-deccezione\\\/\"},\"author\":{\"name\":\"Redaktion\",\"@id\":\"https:\\\/\\\/www.kiwanis.ch\\\/it\\\/#\\\/schema\\\/person\\\/32e076a576cc36b251d0d73060b06f13\"},\"headline\":\"Un incontro d\u2019eccezione\",\"datePublished\":\"2022-08-09T08:00:00+00:00\",\"mainEntityOfPage\":{\"@id\":\"https:\\\/\\\/www.kiwanis.ch\\\/it\\\/un-incontro-deccezione\\\/\"},\"wordCount\":276,\"image\":{\"@id\":\"https:\\\/\\\/www.kiwanis.ch\\\/it\\\/un-incontro-deccezione\\\/#primaryimage\"},\"thumbnailUrl\":\"https:\\\/\\\/www.kiwanis.ch\\\/wp-content\\\/uploads\\\/2022\\\/07\\\/Massimo_Busacca_Referee_Switzerland_03.jpg\",\"articleSection\":[\"Clubleben\",\"Neumitglieder\"],\"inLanguage\":\"it-IT\"},{\"@type\":\"WebPage\",\"@id\":\"https:\\\/\\\/www.kiwanis.ch\\\/it\\\/un-incontro-deccezione\\\/\",\"url\":\"https:\\\/\\\/www.kiwanis.ch\\\/it\\\/un-incontro-deccezione\\\/\",\"name\":\"Un incontro d\u2019eccezione - Kiwanis International District Switzerland-Liechtenstein\",\"isPartOf\":{\"@id\":\"https:\\\/\\\/www.kiwanis.ch\\\/it\\\/#website\"},\"primaryImageOfPage\":{\"@id\":\"https:\\\/\\\/www.kiwanis.ch\\\/it\\\/un-incontro-deccezione\\\/#primaryimage\"},\"image\":{\"@id\":\"https:\\\/\\\/www.kiwanis.ch\\\/it\\\/un-incontro-deccezione\\\/#primaryimage\"},\"thumbnailUrl\":\"https:\\\/\\\/www.kiwanis.ch\\\/wp-content\\\/uploads\\\/2022\\\/07\\\/Massimo_Busacca_Referee_Switzerland_03.jpg\",\"datePublished\":\"2022-08-09T08:00:00+00:00\",\"author\":{\"@id\":\"https:\\\/\\\/www.kiwanis.ch\\\/it\\\/#\\\/schema\\\/person\\\/32e076a576cc36b251d0d73060b06f13\"},\"breadcrumb\":{\"@id\":\"https:\\\/\\\/www.kiwanis.ch\\\/it\\\/un-incontro-deccezione\\\/#breadcrumb\"},\"inLanguage\":\"it-IT\",\"potentialAction\":[{\"@type\":\"ReadAction\",\"target\":[\"https:\\\/\\\/www.kiwanis.ch\\\/it\\\/un-incontro-deccezione\\\/\"]}]},{\"@type\":\"ImageObject\",\"inLanguage\":\"it-IT\",\"@id\":\"https:\\\/\\\/www.kiwanis.ch\\\/it\\\/un-incontro-deccezione\\\/#primaryimage\",\"url\":\"https:\\\/\\\/www.kiwanis.ch\\\/wp-content\\\/uploads\\\/2022\\\/07\\\/Massimo_Busacca_Referee_Switzerland_03.jpg\",\"contentUrl\":\"https:\\\/\\\/www.kiwanis.ch\\\/wp-content\\\/uploads\\\/2022\\\/07\\\/Massimo_Busacca_Referee_Switzerland_03.jpg\",\"width\":1600,\"height\":1600},{\"@type\":\"BreadcrumbList\",\"@id\":\"https:\\\/\\\/www.kiwanis.ch\\\/it\\\/un-incontro-deccezione\\\/#breadcrumb\",\"itemListElement\":[{\"@type\":\"ListItem\",\"position\":1,\"name\":\"Startseite\",\"item\":\"https:\\\/\\\/www.kiwanis.ch\\\/it\\\/\"},{\"@type\":\"ListItem\",\"position\":2,\"name\":\"Un incontro d\u2019eccezione\"}]},{\"@type\":\"WebSite\",\"@id\":\"https:\\\/\\\/www.kiwanis.ch\\\/it\\\/#website\",\"url\":\"https:\\\/\\\/www.kiwanis.ch\\\/it\\\/\",\"name\":\"Kiwanis International District Switzerland-Liechtenstein\",\"description\":\"\",\"potentialAction\":[{\"@type\":\"SearchAction\",\"target\":{\"@type\":\"EntryPoint\",\"urlTemplate\":\"https:\\\/\\\/www.kiwanis.ch\\\/it\\\/?s={search_term_string}\"},\"query-input\":{\"@type\":\"PropertyValueSpecification\",\"valueRequired\":true,\"valueName\":\"search_term_string\"}}],\"inLanguage\":\"it-IT\"},{\"@type\":\"Person\",\"@id\":\"https:\\\/\\\/www.kiwanis.ch\\\/it\\\/#\\\/schema\\\/person\\\/32e076a576cc36b251d0d73060b06f13\",\"name\":\"Redaktion\"}]}<\/script>\n<!-- \/ Yoast SEO plugin. -->","yoast_head_json":{"title":"Un incontro d\u2019eccezione - Kiwanis International District Switzerland-Liechtenstein","robots":{"index":"index","follow":"follow","max-snippet":"max-snippet:-1","max-image-preview":"max-image-preview:large","max-video-preview":"max-video-preview:-1"},"canonical":"https:\/\/www.kiwanis.ch\/it\/un-incontro-deccezione\/","og_locale":"it_IT","og_type":"article","og_title":"Un incontro d\u2019eccezione - Kiwanis International District Switzerland-Liechtenstein","og_description":"Lo scorso 28 aprile 2022 si \u00e8 tenuta una conferenza organizzata dal KC Bellinzona e Valli che ha avuto quale relatore d\u2019eccezione il noto ex arbitro di calcio internazionale e attuale dirigente della classe arbitrale mondiale presso la FIFA Massimo Busacca, designato miglior arbitro del mondo nel 2009. L\u2019incontro, seguito da una trentina di associati, [&hellip;]","og_url":"https:\/\/www.kiwanis.ch\/it\/un-incontro-deccezione\/","og_site_name":"Kiwanis International District Switzerland-Liechtenstein","article_published_time":"2022-08-09T08:00:00+00:00","og_image":[{"width":1600,"height":1600,"url":"https:\/\/www.kiwanis.ch\/wp-content\/uploads\/2022\/07\/Massimo_Busacca_Referee_Switzerland_03.jpg","type":"image\/jpeg"}],"author":"Redaktion","twitter_card":"summary_large_image","twitter_image":"https:\/\/www.kiwanis.ch\/wp-content\/uploads\/2022\/07\/Massimo_Busacca_Referee_Switzerland_03.jpg","twitter_misc":{"Scritto da":"Redaktion","Tempo di lettura stimato":"1 minuto"},"schema":{"@context":"https:\/\/schema.org","@graph":[{"@type":"Article","@id":"https:\/\/www.kiwanis.ch\/it\/un-incontro-deccezione\/#article","isPartOf":{"@id":"https:\/\/www.kiwanis.ch\/it\/un-incontro-deccezione\/"},"author":{"name":"Redaktion","@id":"https:\/\/www.kiwanis.ch\/it\/#\/schema\/person\/32e076a576cc36b251d0d73060b06f13"},"headline":"Un incontro d\u2019eccezione","datePublished":"2022-08-09T08:00:00+00:00","mainEntityOfPage":{"@id":"https:\/\/www.kiwanis.ch\/it\/un-incontro-deccezione\/"},"wordCount":276,"image":{"@id":"https:\/\/www.kiwanis.ch\/it\/un-incontro-deccezione\/#primaryimage"},"thumbnailUrl":"https:\/\/www.kiwanis.ch\/wp-content\/uploads\/2022\/07\/Massimo_Busacca_Referee_Switzerland_03.jpg","articleSection":["Clubleben","Neumitglieder"],"inLanguage":"it-IT"},{"@type":"WebPage","@id":"https:\/\/www.kiwanis.ch\/it\/un-incontro-deccezione\/","url":"https:\/\/www.kiwanis.ch\/it\/un-incontro-deccezione\/","name":"Un incontro d\u2019eccezione - Kiwanis International District Switzerland-Liechtenstein","isPartOf":{"@id":"https:\/\/www.kiwanis.ch\/it\/#website"},"primaryImageOfPage":{"@id":"https:\/\/www.kiwanis.ch\/it\/un-incontro-deccezione\/#primaryimage"},"image":{"@id":"https:\/\/www.kiwanis.ch\/it\/un-incontro-deccezione\/#primaryimage"},"thumbnailUrl":"https:\/\/www.kiwanis.ch\/wp-content\/uploads\/2022\/07\/Massimo_Busacca_Referee_Switzerland_03.jpg","datePublished":"2022-08-09T08:00:00+00:00","author":{"@id":"https:\/\/www.kiwanis.ch\/it\/#\/schema\/person\/32e076a576cc36b251d0d73060b06f13"},"breadcrumb":{"@id":"https:\/\/www.kiwanis.ch\/it\/un-incontro-deccezione\/#breadcrumb"},"inLanguage":"it-IT","potentialAction":[{"@type":"ReadAction","target":["https:\/\/www.kiwanis.ch\/it\/un-incontro-deccezione\/"]}]},{"@type":"ImageObject","inLanguage":"it-IT","@id":"https:\/\/www.kiwanis.ch\/it\/un-incontro-deccezione\/#primaryimage","url":"https:\/\/www.kiwanis.ch\/wp-content\/uploads\/2022\/07\/Massimo_Busacca_Referee_Switzerland_03.jpg","contentUrl":"https:\/\/www.kiwanis.ch\/wp-content\/uploads\/2022\/07\/Massimo_Busacca_Referee_Switzerland_03.jpg","width":1600,"height":1600},{"@type":"BreadcrumbList","@id":"https:\/\/www.kiwanis.ch\/it\/un-incontro-deccezione\/#breadcrumb","itemListElement":[{"@type":"ListItem","position":1,"name":"Startseite","item":"https:\/\/www.kiwanis.ch\/it\/"},{"@type":"ListItem","position":2,"name":"Un incontro d\u2019eccezione"}]},{"@type":"WebSite","@id":"https:\/\/www.kiwanis.ch\/it\/#website","url":"https:\/\/www.kiwanis.ch\/it\/","name":"Kiwanis International District Switzerland-Liechtenstein","description":"","potentialAction":[{"@type":"SearchAction","target":{"@type":"EntryPoint","urlTemplate":"https:\/\/www.kiwanis.ch\/it\/?s={search_term_string}"},"query-input":{"@type":"PropertyValueSpecification","valueRequired":true,"valueName":"search_term_string"}}],"inLanguage":"it-IT"},{"@type":"Person","@id":"https:\/\/www.kiwanis.ch\/it\/#\/schema\/person\/32e076a576cc36b251d0d73060b06f13","name":"Redaktion"}]}},"_links":{"self":[{"href":"https:\/\/www.kiwanis.ch\/it\/wp-json\/wp\/v2\/posts\/11208","targetHints":{"allow":["GET"]}}],"collection":[{"href":"https:\/\/www.kiwanis.ch\/it\/wp-json\/wp\/v2\/posts"}],"about":[{"href":"https:\/\/www.kiwanis.ch\/it\/wp-json\/wp\/v2\/types\/post"}],"author":[{"embeddable":true,"href":"https:\/\/www.kiwanis.ch\/it\/wp-json\/wp\/v2\/users\/5"}],"replies":[{"embeddable":true,"href":"https:\/\/www.kiwanis.ch\/it\/wp-json\/wp\/v2\/comments?post=11208"}],"version-history":[{"count":2,"href":"https:\/\/www.kiwanis.ch\/it\/wp-json\/wp\/v2\/posts\/11208\/revisions"}],"predecessor-version":[{"id":11224,"href":"https:\/\/www.kiwanis.ch\/it\/wp-json\/wp\/v2\/posts\/11208\/revisions\/11224"}],"wp:featuredmedia":[{"embeddable":true,"href":"https:\/\/www.kiwanis.ch\/it\/wp-json\/wp\/v2\/media\/11212"}],"wp:attachment":[{"href":"https:\/\/www.kiwanis.ch\/it\/wp-json\/wp\/v2\/media?parent=11208"}],"wp:term":[{"taxonomy":"category","embeddable":true,"href":"https:\/\/www.kiwanis.ch\/it\/wp-json\/wp\/v2\/categories?post=11208"},{"taxonomy":"post_tag","embeddable":true,"href":"https:\/\/www.kiwanis.ch\/it\/wp-json\/wp\/v2\/tags?post=11208"}],"curies":[{"name":"wp","href":"https:\/\/api.w.org\/{rel}","templated":true}]}}