{"id":11137,"date":"2022-08-01T10:00:00","date_gmt":"2022-08-01T08:00:00","guid":{"rendered":"https:\/\/www.kiwanis.ch\/?p=11137"},"modified":"2022-06-28T15:44:00","modified_gmt":"2022-06-28T13:44:00","slug":"ringraziamento-e-apprezzamento","status":"publish","type":"post","link":"https:\/\/www.kiwanis.ch\/it\/ringraziamento-e-apprezzamento\/","title":{"rendered":"Ringraziamento e apprezzamento"},"content":{"rendered":"<p style=\"text-align: justify;\">Nella splendida cornice della Masseria Cuntitt a Castel San Pietro si \u00e8 svolta venerd\u00ec l\u2019annuale assemblea dei KC Mendrisiotto. Il presidente uscente Guglielmo Bianchi ha avuto modo di ripercorrere i momenti che hanno contraddistinto i suoi due anni di presidenza ricordando che, nel 2021 e dopo un anno di Pandemia, il comitato ha proposto una serie di momenti e di attivit\u00e0 alle quali i soci hanno aderito con grande partecipazione, permettendo cos\u00ec l\u2019attivit\u00e0 benefica del club.<\/p>\n<p style=\"text-align: justify;\">Nel suo discorso di congedo Guglielmo ha avuto modo di ricordare i valori del AK e si \u00e8 congedato ringraziando il comitato e i soci per la collaborazione citando una frase di Madre Teresa di Calcutta che \u00e8 stata particolarmente apprezzata dai presenti \u00abChi nel cammino della vita ha acceso anche soltanto una fiaccola nell&#8217;ora buia di qualcuno non \u00e8 vissuto invano.\u00bb<\/p>\n<p style=\"text-align: justify;\">Il ruolo di presidente per il prossimo anno, che coincide con il 40.esimo del KC, \u00e8 quindi stato affidato a Paolo Z\u00fcrcher, socio fondatore del KC Mendrisiotto. Con questa nomina i AK hanno inteso sottolineare il loro ringraziamento e apprezzamento per Paolo che, oltre ad avere contribuito in maniera determinante alla creazione del club, \u00e8 sempre stato presente, si \u00e8 occupato per molti anni della commissione socialit\u00e0 e ha seguito l\u2019evolvere del club come anche quello di progetti importanti, tra i quali quello dell\u2019asilo a Catamayo che ha seguito personalmente con particolare entusiasmo e dedizione.<\/p>\n<p style=\"text-align: justify;\">Nel suo discorso Z\u00fcrcher, emozionato e riconoscente per la nomina, ha ricordato che tra i primi appuntamenti della nuova presidenza vi saranno alcuni eventi a carattere tradizionale come \u00e8 il caso della Sagra del Borgo di Mendrisio, ma anche i festeggiamenti per il 40.esimo del club. A completare il comitato sono stati confermati: Guglielmo Bianchi, Niska Maspoli, Dario Menaballi, Andrea Bricalli, Paolo Pellegrini e Tiziana <span style=\"color: black;\">Grignola.<\/span><\/p>\n<p><span style=\"color: black;\">AK<i>\u00a0<\/i>Nadia Lupi<\/span><\/p>\n","protected":false},"excerpt":{"rendered":"<p>Nella splendida cornice della Masseria Cuntitt a Castel San Pietro si \u00e8 svolta venerd\u00ec l\u2019annuale assemblea dei KC Mendrisiotto. Il presidente uscente Guglielmo Bianchi ha avuto modo di ripercorrere i momenti che hanno contraddistinto i suoi due anni di presidenza ricordando che, nel 2021 e dopo un anno di Pandemia, il comitato ha proposto una [&hellip;]<\/p>\n","protected":false},"author":5,"featured_media":11141,"comment_status":"closed","ping_status":"closed","sticky":false,"template":"","format":"standard","meta":{"footnotes":""},"categories":[74],"tags":[],"class_list":["post-11137","post","type-post","status-publish","format-standard","has-post-thumbnail","hentry","category-clubleben-it"],"yoast_head":"<!-- This site is optimized with the Yoast SEO plugin v28.4 - https:\/\/yoast.com\/product\/yoast-seo-wordpress\/ -->\n<title>Ringraziamento e apprezzamento - Kiwanis International District Switzerland-Liechtenstein<\/title>\n<meta name=\"robots\" content=\"index, follow, max-snippet:-1, max-image-preview:large, max-video-preview:-1\" \/>\n<link rel=\"canonical\" href=\"https:\/\/www.kiwanis.ch\/it\/ringraziamento-e-apprezzamento\/\" \/>\n<meta property=\"og:locale\" content=\"it_IT\" \/>\n<meta property=\"og:type\" content=\"article\" \/>\n<meta property=\"og:title\" content=\"Ringraziamento e apprezzamento - Kiwanis International District Switzerland-Liechtenstein\" \/>\n<meta property=\"og:description\" content=\"Nella splendida cornice della Masseria Cuntitt a Castel San Pietro si \u00e8 svolta venerd\u00ec l\u2019annuale assemblea dei KC Mendrisiotto. Il presidente uscente Guglielmo Bianchi ha avuto modo di ripercorrere i momenti che hanno contraddistinto i suoi due anni di presidenza ricordando che, nel 2021 e dopo un anno di Pandemia, il comitato ha proposto una [&hellip;]\" \/>\n<meta property=\"og:url\" content=\"https:\/\/www.kiwanis.ch\/it\/ringraziamento-e-apprezzamento\/\" \/>\n<meta property=\"og:site_name\" content=\"Kiwanis International District Switzerland-Liechtenstein\" \/>\n<meta property=\"article:published_time\" content=\"2022-08-01T08:00:00+00:00\" \/>\n<meta property=\"og:image\" content=\"https:\/\/www.kiwanis.ch\/wp-content\/uploads\/2022\/06\/Mendrisiotto-scaled.jpg\" \/>\n\t<meta property=\"og:image:width\" content=\"2560\" \/>\n\t<meta property=\"og:image:height\" content=\"1997\" \/>\n\t<meta property=\"og:image:type\" content=\"image\/jpeg\" \/>\n<meta name=\"author\" content=\"Redaktion\" \/>\n<meta name=\"twitter:card\" content=\"summary_large_image\" \/>\n<meta name=\"twitter:image\" content=\"https:\/\/www.kiwanis.ch\/wp-content\/uploads\/2022\/06\/Mendrisiotto-scaled.jpg\" \/>\n<meta name=\"twitter:label1\" content=\"Scritto da\" \/>\n\t<meta name=\"twitter:data1\" content=\"Redaktion\" \/>\n\t<meta name=\"twitter:label2\" content=\"Tempo di lettura stimato\" \/>\n\t<meta name=\"twitter:data2\" content=\"1 minuto\" \/>\n<script type=\"application\/ld+json\" class=\"yoast-schema-graph\">{\"@context\":\"https:\\\/\\\/schema.org\",\"@graph\":[{\"@type\":\"Article\",\"@id\":\"https:\\\/\\\/www.kiwanis.ch\\\/it\\\/ringraziamento-e-apprezzamento\\\/#article\",\"isPartOf\":{\"@id\":\"https:\\\/\\\/www.kiwanis.ch\\\/it\\\/ringraziamento-e-apprezzamento\\\/\"},\"author\":{\"name\":\"Redaktion\",\"@id\":\"https:\\\/\\\/www.kiwanis.ch\\\/it\\\/#\\\/schema\\\/person\\\/32e076a576cc36b251d0d73060b06f13\"},\"headline\":\"Ringraziamento e apprezzamento\",\"datePublished\":\"2022-08-01T08:00:00+00:00\",\"mainEntityOfPage\":{\"@id\":\"https:\\\/\\\/www.kiwanis.ch\\\/it\\\/ringraziamento-e-apprezzamento\\\/\"},\"wordCount\":303,\"image\":{\"@id\":\"https:\\\/\\\/www.kiwanis.ch\\\/it\\\/ringraziamento-e-apprezzamento\\\/#primaryimage\"},\"thumbnailUrl\":\"https:\\\/\\\/www.kiwanis.ch\\\/wp-content\\\/uploads\\\/2022\\\/06\\\/Mendrisiotto-scaled.jpg\",\"articleSection\":[\"Clubleben\"],\"inLanguage\":\"it-IT\"},{\"@type\":\"WebPage\",\"@id\":\"https:\\\/\\\/www.kiwanis.ch\\\/it\\\/ringraziamento-e-apprezzamento\\\/\",\"url\":\"https:\\\/\\\/www.kiwanis.ch\\\/it\\\/ringraziamento-e-apprezzamento\\\/\",\"name\":\"Ringraziamento e apprezzamento - Kiwanis International District Switzerland-Liechtenstein\",\"isPartOf\":{\"@id\":\"https:\\\/\\\/www.kiwanis.ch\\\/it\\\/#website\"},\"primaryImageOfPage\":{\"@id\":\"https:\\\/\\\/www.kiwanis.ch\\\/it\\\/ringraziamento-e-apprezzamento\\\/#primaryimage\"},\"image\":{\"@id\":\"https:\\\/\\\/www.kiwanis.ch\\\/it\\\/ringraziamento-e-apprezzamento\\\/#primaryimage\"},\"thumbnailUrl\":\"https:\\\/\\\/www.kiwanis.ch\\\/wp-content\\\/uploads\\\/2022\\\/06\\\/Mendrisiotto-scaled.jpg\",\"datePublished\":\"2022-08-01T08:00:00+00:00\",\"author\":{\"@id\":\"https:\\\/\\\/www.kiwanis.ch\\\/it\\\/#\\\/schema\\\/person\\\/32e076a576cc36b251d0d73060b06f13\"},\"breadcrumb\":{\"@id\":\"https:\\\/\\\/www.kiwanis.ch\\\/it\\\/ringraziamento-e-apprezzamento\\\/#breadcrumb\"},\"inLanguage\":\"it-IT\",\"potentialAction\":[{\"@type\":\"ReadAction\",\"target\":[\"https:\\\/\\\/www.kiwanis.ch\\\/it\\\/ringraziamento-e-apprezzamento\\\/\"]}]},{\"@type\":\"ImageObject\",\"inLanguage\":\"it-IT\",\"@id\":\"https:\\\/\\\/www.kiwanis.ch\\\/it\\\/ringraziamento-e-apprezzamento\\\/#primaryimage\",\"url\":\"https:\\\/\\\/www.kiwanis.ch\\\/wp-content\\\/uploads\\\/2022\\\/06\\\/Mendrisiotto-scaled.jpg\",\"contentUrl\":\"https:\\\/\\\/www.kiwanis.ch\\\/wp-content\\\/uploads\\\/2022\\\/06\\\/Mendrisiotto-scaled.jpg\",\"width\":2560,\"height\":1997},{\"@type\":\"BreadcrumbList\",\"@id\":\"https:\\\/\\\/www.kiwanis.ch\\\/it\\\/ringraziamento-e-apprezzamento\\\/#breadcrumb\",\"itemListElement\":[{\"@type\":\"ListItem\",\"position\":1,\"name\":\"Startseite\",\"item\":\"https:\\\/\\\/www.kiwanis.ch\\\/it\\\/\"},{\"@type\":\"ListItem\",\"position\":2,\"name\":\"Ringraziamento e apprezzamento\"}]},{\"@type\":\"WebSite\",\"@id\":\"https:\\\/\\\/www.kiwanis.ch\\\/it\\\/#website\",\"url\":\"https:\\\/\\\/www.kiwanis.ch\\\/it\\\/\",\"name\":\"Kiwanis International District Switzerland-Liechtenstein\",\"description\":\"\",\"potentialAction\":[{\"@type\":\"SearchAction\",\"target\":{\"@type\":\"EntryPoint\",\"urlTemplate\":\"https:\\\/\\\/www.kiwanis.ch\\\/it\\\/?s={search_term_string}\"},\"query-input\":{\"@type\":\"PropertyValueSpecification\",\"valueRequired\":true,\"valueName\":\"search_term_string\"}}],\"inLanguage\":\"it-IT\"},{\"@type\":\"Person\",\"@id\":\"https:\\\/\\\/www.kiwanis.ch\\\/it\\\/#\\\/schema\\\/person\\\/32e076a576cc36b251d0d73060b06f13\",\"name\":\"Redaktion\"}]}<\/script>\n<!-- \/ Yoast SEO plugin. -->","yoast_head_json":{"title":"Ringraziamento e apprezzamento - Kiwanis International District Switzerland-Liechtenstein","robots":{"index":"index","follow":"follow","max-snippet":"max-snippet:-1","max-image-preview":"max-image-preview:large","max-video-preview":"max-video-preview:-1"},"canonical":"https:\/\/www.kiwanis.ch\/it\/ringraziamento-e-apprezzamento\/","og_locale":"it_IT","og_type":"article","og_title":"Ringraziamento e apprezzamento - Kiwanis International District Switzerland-Liechtenstein","og_description":"Nella splendida cornice della Masseria Cuntitt a Castel San Pietro si \u00e8 svolta venerd\u00ec l\u2019annuale assemblea dei KC Mendrisiotto. Il presidente uscente Guglielmo Bianchi ha avuto modo di ripercorrere i momenti che hanno contraddistinto i suoi due anni di presidenza ricordando che, nel 2021 e dopo un anno di Pandemia, il comitato ha proposto una [&hellip;]","og_url":"https:\/\/www.kiwanis.ch\/it\/ringraziamento-e-apprezzamento\/","og_site_name":"Kiwanis International District Switzerland-Liechtenstein","article_published_time":"2022-08-01T08:00:00+00:00","og_image":[{"width":2560,"height":1997,"url":"https:\/\/www.kiwanis.ch\/wp-content\/uploads\/2022\/06\/Mendrisiotto-scaled.jpg","type":"image\/jpeg"}],"author":"Redaktion","twitter_card":"summary_large_image","twitter_image":"https:\/\/www.kiwanis.ch\/wp-content\/uploads\/2022\/06\/Mendrisiotto-scaled.jpg","twitter_misc":{"Scritto da":"Redaktion","Tempo di lettura stimato":"1 minuto"},"schema":{"@context":"https:\/\/schema.org","@graph":[{"@type":"Article","@id":"https:\/\/www.kiwanis.ch\/it\/ringraziamento-e-apprezzamento\/#article","isPartOf":{"@id":"https:\/\/www.kiwanis.ch\/it\/ringraziamento-e-apprezzamento\/"},"author":{"name":"Redaktion","@id":"https:\/\/www.kiwanis.ch\/it\/#\/schema\/person\/32e076a576cc36b251d0d73060b06f13"},"headline":"Ringraziamento e apprezzamento","datePublished":"2022-08-01T08:00:00+00:00","mainEntityOfPage":{"@id":"https:\/\/www.kiwanis.ch\/it\/ringraziamento-e-apprezzamento\/"},"wordCount":303,"image":{"@id":"https:\/\/www.kiwanis.ch\/it\/ringraziamento-e-apprezzamento\/#primaryimage"},"thumbnailUrl":"https:\/\/www.kiwanis.ch\/wp-content\/uploads\/2022\/06\/Mendrisiotto-scaled.jpg","articleSection":["Clubleben"],"inLanguage":"it-IT"},{"@type":"WebPage","@id":"https:\/\/www.kiwanis.ch\/it\/ringraziamento-e-apprezzamento\/","url":"https:\/\/www.kiwanis.ch\/it\/ringraziamento-e-apprezzamento\/","name":"Ringraziamento e apprezzamento - Kiwanis International District Switzerland-Liechtenstein","isPartOf":{"@id":"https:\/\/www.kiwanis.ch\/it\/#website"},"primaryImageOfPage":{"@id":"https:\/\/www.kiwanis.ch\/it\/ringraziamento-e-apprezzamento\/#primaryimage"},"image":{"@id":"https:\/\/www.kiwanis.ch\/it\/ringraziamento-e-apprezzamento\/#primaryimage"},"thumbnailUrl":"https:\/\/www.kiwanis.ch\/wp-content\/uploads\/2022\/06\/Mendrisiotto-scaled.jpg","datePublished":"2022-08-01T08:00:00+00:00","author":{"@id":"https:\/\/www.kiwanis.ch\/it\/#\/schema\/person\/32e076a576cc36b251d0d73060b06f13"},"breadcrumb":{"@id":"https:\/\/www.kiwanis.ch\/it\/ringraziamento-e-apprezzamento\/#breadcrumb"},"inLanguage":"it-IT","potentialAction":[{"@type":"ReadAction","target":["https:\/\/www.kiwanis.ch\/it\/ringraziamento-e-apprezzamento\/"]}]},{"@type":"ImageObject","inLanguage":"it-IT","@id":"https:\/\/www.kiwanis.ch\/it\/ringraziamento-e-apprezzamento\/#primaryimage","url":"https:\/\/www.kiwanis.ch\/wp-content\/uploads\/2022\/06\/Mendrisiotto-scaled.jpg","contentUrl":"https:\/\/www.kiwanis.ch\/wp-content\/uploads\/2022\/06\/Mendrisiotto-scaled.jpg","width":2560,"height":1997},{"@type":"BreadcrumbList","@id":"https:\/\/www.kiwanis.ch\/it\/ringraziamento-e-apprezzamento\/#breadcrumb","itemListElement":[{"@type":"ListItem","position":1,"name":"Startseite","item":"https:\/\/www.kiwanis.ch\/it\/"},{"@type":"ListItem","position":2,"name":"Ringraziamento e apprezzamento"}]},{"@type":"WebSite","@id":"https:\/\/www.kiwanis.ch\/it\/#website","url":"https:\/\/www.kiwanis.ch\/it\/","name":"Kiwanis International District Switzerland-Liechtenstein","description":"","potentialAction":[{"@type":"SearchAction","target":{"@type":"EntryPoint","urlTemplate":"https:\/\/www.kiwanis.ch\/it\/?s={search_term_string}"},"query-input":{"@type":"PropertyValueSpecification","valueRequired":true,"valueName":"search_term_string"}}],"inLanguage":"it-IT"},{"@type":"Person","@id":"https:\/\/www.kiwanis.ch\/it\/#\/schema\/person\/32e076a576cc36b251d0d73060b06f13","name":"Redaktion"}]}},"_links":{"self":[{"href":"https:\/\/www.kiwanis.ch\/it\/wp-json\/wp\/v2\/posts\/11137","targetHints":{"allow":["GET"]}}],"collection":[{"href":"https:\/\/www.kiwanis.ch\/it\/wp-json\/wp\/v2\/posts"}],"about":[{"href":"https:\/\/www.kiwanis.ch\/it\/wp-json\/wp\/v2\/types\/post"}],"author":[{"embeddable":true,"href":"https:\/\/www.kiwanis.ch\/it\/wp-json\/wp\/v2\/users\/5"}],"replies":[{"embeddable":true,"href":"https:\/\/www.kiwanis.ch\/it\/wp-json\/wp\/v2\/comments?post=11137"}],"version-history":[{"count":2,"href":"https:\/\/www.kiwanis.ch\/it\/wp-json\/wp\/v2\/posts\/11137\/revisions"}],"predecessor-version":[{"id":11175,"href":"https:\/\/www.kiwanis.ch\/it\/wp-json\/wp\/v2\/posts\/11137\/revisions\/11175"}],"wp:featuredmedia":[{"embeddable":true,"href":"https:\/\/www.kiwanis.ch\/it\/wp-json\/wp\/v2\/media\/11141"}],"wp:attachment":[{"href":"https:\/\/www.kiwanis.ch\/it\/wp-json\/wp\/v2\/media?parent=11137"}],"wp:term":[{"taxonomy":"category","embeddable":true,"href":"https:\/\/www.kiwanis.ch\/it\/wp-json\/wp\/v2\/categories?post=11137"},{"taxonomy":"post_tag","embeddable":true,"href":"https:\/\/www.kiwanis.ch\/it\/wp-json\/wp\/v2\/tags?post=11137"}],"curies":[{"name":"wp","href":"https:\/\/api.w.org\/{rel}","templated":true}]}}