{"id":9821,"date":"2022-03-09T10:00:00","date_gmt":"2022-03-09T09:00:00","guid":{"rendered":"https:\/\/www.kiwanis.ch\/?p=9821"},"modified":"2022-03-10T09:55:35","modified_gmt":"2022-03-10T08:55:35","slug":"les-voitures-de-location-sont-taboues-pour-lui","status":"publish","type":"post","link":"https:\/\/www.kiwanis.ch\/fr\/les-voitures-de-location-sont-taboues-pour-lui\/","title":{"rendered":"Les voitures de location sont taboues pour lui"},"content":{"rendered":"<p style=\"text-align: justify;\"><strong>Comme chef de l\u2019Agritourisme en Suisse, Andreas Allenspach n\u2019est pas seulement quelque chose comme \u00ab\u00a0Monsieur dormir sur la paille\u00a0\u00bb. Il voyage aussi volontiers avec sa famille sac au dos.<\/strong><\/p>\n<p style=\"text-align: justify;\">Andreas Allenspach a le go\u00fbt du voyage dans le sang, durant 13 ans il a parcouru le monde en tous sens avec Swissair. Aujourd\u2019hui il d\u00e9couvre les endroits les plus pittoresques de Suisse. Car depuis 2016 il est responsable de l\u2019Agritourisme en Suisse. Aucun emplacement, aucun magasin, aucun tas de paille, aucun fromage de ch\u00e8vre frais qu\u2019il ne connaisse pas.<\/p>\n<p style=\"text-align: justify;\">Mais ce n\u2019est pas tout \u00e0 fait cela. \u00ab\u00a0Cependant, je connais d\u00e9j\u00e0 tr\u00e8s bien notre offre\u00a0\u00bb &#8211; m\u00eame s\u2019il pr\u00e9f\u00e8re passer la nuit dans une chambre plut\u00f4t que sur la paille. Toutefois, le camping en Suisse centrale, le coucher sur la paille dans la r\u00e9gion bernoise, la nuit dans un rustico\u00a0 r\u00e9nov\u00e9 aux Grisons furent des exp\u00e9riences sensationnelles et un immense enrichissement pour toute la famille. \u00ab\u00a0Et aussi les d\u00e9couvertes culinaires s\u2019ouvrent sur un autre monde. Dans une ferme fribourgeoise j\u2019y ai mang\u00e9 r\u00e9cemment le meilleur poisson de ma vie.\u00a0\u00bb<\/p>\n<p style=\"text-align: justify;\"><strong>Symbiose avec le Kiwanis<\/strong><br \/>\nOutre le plaisir, il y a aussi l\u2019attachement au sol, le retour \u00e0 la nature, qui ne se vivent pas seulement \u00e0 deux, en solitaire et surtout en famille\u00a0; mais qui attirent aussi les cadres pour passer quelques heures ou jours \u00e0 la ferme, y retrouver le calme et fuir l\u2019agitation. Pour les enfants de familles d\u00e9chir\u00e9es ou pour les centres sociaux il existe des fermes de vacances qui permettent de faire une pause hors du quotidien. \u00ab\u00a0Je pourrais m\u2019imaginer que cela permettrait de d\u00e9velopper une formidable symbiose avec les buts du Kiwanis\u00a0\u00bb, dit-il rayonnant.<\/p>\n<p style=\"text-align: justify;\">Malgr\u00e9 tout Andreas Allenspach voyage toujours encore volontiers \u00e0 l\u2019\u00e9tranger, et dans ce cas, seulement avec des transports publiques. Que ce soit au Myanmar, \u00e0 Cuba ou au P\u00e9rou\u00a0: \u00ab\u00a0Cela offre des rencontres de qualit\u00e9 \u00e9lev\u00e9e et permet une intense proximit\u00e9 avec la population. C\u2019est aussi cela un voyage pour moi.\u00a0\u00bb Pour cette raison il consacre beaucoup de temps \u00e0 la pr\u00e9paration de ses voyages.<\/p>\n<p style=\"text-align: justify;\">Pourtant ces voyages sont devenus moins fr\u00e9quents, il ne quitte le continent que tous les deux ou trois ans. \u00ab\u00a0 Sinon cela ne va pas\u00a0: nous devons diminuer notre impact \u00e9cologique. Mais c\u2019est fou tout ce que la Suisse et l\u2019Europe ont \u00e0 offrir.\u00a0\u00bb Toutefois il est heureux d\u2019avoir pu d\u00e9couvrir et voir tous ces endroits.<\/p>\n<p style=\"text-align: justify;\"><strong>AK Lucas Huber<\/strong><br \/>\n<strong>Traduction : AK Daniel Roulet<\/strong><\/p>\n<p style=\"text-align: justify;\"><strong><u>Agritourisme Suisse<\/u><\/strong><\/p>\n<p style=\"text-align: justify;\">Agritourisme Suisse regroupe les offres d\u2019environ 210 partenaires de l\u2019agriculture &#8211;\u00a0depuis les locaux pour \u00e9v\u00e8nement dans une \u00e9curie, en passant par les vacances pour enfants ou la vente de produits r\u00e9gionaux jusqu\u2019aux s\u00e9jours dans un haras ou un domaine viticole. Par ailleurs cela am\u00e9liore les conditions cadres politiques pour ses membres.<\/p>\n<div id='gallery-1' class='gallery galleryid-9821 gallery-columns-3 gallery-size-medium'><figure class='gallery-item'>\n\t\t\t<div class='gallery-icon portrait'>\n\t\t\t\t<a href='https:\/\/www.kiwanis.ch\/wp-content\/uploads\/2022\/03\/Allenspach1.jpeg'><img fetchpriority=\"high\" decoding=\"async\" width=\"225\" height=\"300\" src=\"https:\/\/www.kiwanis.ch\/wp-content\/uploads\/2022\/03\/Allenspach1-225x300.jpeg\" class=\"attachment-medium size-medium\" alt=\"\" srcset=\"https:\/\/www.kiwanis.ch\/wp-content\/uploads\/2022\/03\/Allenspach1-225x300.jpeg 225w, https:\/\/www.kiwanis.ch\/wp-content\/uploads\/2022\/03\/Allenspach1-768x1024.jpeg 768w, https:\/\/www.kiwanis.ch\/wp-content\/uploads\/2022\/03\/Allenspach1-1152x1536.jpeg 1152w, https:\/\/www.kiwanis.ch\/wp-content\/uploads\/2022\/03\/Allenspach1-600x800.jpeg 600w, https:\/\/www.kiwanis.ch\/wp-content\/uploads\/2022\/03\/Allenspach1.jpeg 1536w\" sizes=\"(max-width: 225px) 100vw, 225px\" \/><\/a>\n\t\t\t<\/div><\/figure><figure class='gallery-item'>\n\t\t\t<div class='gallery-icon portrait'>\n\t\t\t\t<a href='https:\/\/www.kiwanis.ch\/wp-content\/uploads\/2022\/03\/Seppi-Ka\u0308ppeli-2021.jpg'><img decoding=\"async\" width=\"217\" height=\"300\" src=\"https:\/\/www.kiwanis.ch\/wp-content\/uploads\/2022\/03\/Seppi-Ka\u0308ppeli-2021-217x300.jpg\" class=\"attachment-medium size-medium\" alt=\"\" srcset=\"https:\/\/www.kiwanis.ch\/wp-content\/uploads\/2022\/03\/Seppi-Ka\u0308ppeli-2021-217x300.jpg 217w, https:\/\/www.kiwanis.ch\/wp-content\/uploads\/2022\/03\/Seppi-Ka\u0308ppeli-2021.jpg 513w\" sizes=\"(max-width: 217px) 100vw, 217px\" \/><\/a>\n\t\t\t<\/div><\/figure><figure class='gallery-item'>\n\t\t\t<div class='gallery-icon landscape'>\n\t\t\t\t<a href='https:\/\/www.kiwanis.ch\/wp-content\/uploads\/2022\/03\/seppi_ka\u0308ppeli.Nencki-Maschine-scaled.jpg'><img decoding=\"async\" width=\"300\" height=\"207\" src=\"https:\/\/www.kiwanis.ch\/wp-content\/uploads\/2022\/03\/seppi_ka\u0308ppeli.Nencki-Maschine-300x207.jpg\" class=\"attachment-medium size-medium\" alt=\"\" srcset=\"https:\/\/www.kiwanis.ch\/wp-content\/uploads\/2022\/03\/seppi_ka\u0308ppeli.Nencki-Maschine-300x207.jpg 300w, https:\/\/www.kiwanis.ch\/wp-content\/uploads\/2022\/03\/seppi_ka\u0308ppeli.Nencki-Maschine-1024x707.jpg 1024w, https:\/\/www.kiwanis.ch\/wp-content\/uploads\/2022\/03\/seppi_ka\u0308ppeli.Nencki-Maschine-768x530.jpg 768w, https:\/\/www.kiwanis.ch\/wp-content\/uploads\/2022\/03\/seppi_ka\u0308ppeli.Nencki-Maschine-1536x1061.jpg 1536w, https:\/\/www.kiwanis.ch\/wp-content\/uploads\/2022\/03\/seppi_ka\u0308ppeli.Nencki-Maschine-2048x1414.jpg 2048w, https:\/\/www.kiwanis.ch\/wp-content\/uploads\/2022\/03\/seppi_ka\u0308ppeli.Nencki-Maschine-600x414.jpg 600w\" sizes=\"(max-width: 300px) 100vw, 300px\" \/><\/a>\n\t\t\t<\/div><\/figure>\n\t\t<\/div>\n\n","protected":false},"excerpt":{"rendered":"<p>Comme chef de l\u2019Agritourisme en Suisse, Andreas Allenspach n\u2019est pas seulement quelque chose comme \u00ab\u00a0Monsieur dormir sur la paille\u00a0\u00bb. Il voyage aussi volontiers avec sa famille sac au dos. Andreas Allenspach a le go\u00fbt du voyage dans le sang, durant 13 ans il a parcouru le monde en tous sens avec Swissair. Aujourd\u2019hui il d\u00e9couvre [&hellip;]<\/p>\n","protected":false},"author":5,"featured_media":9832,"comment_status":"closed","ping_status":"closed","sticky":false,"template":"","format":"standard","meta":{"footnotes":""},"categories":[73],"tags":[],"class_list":["post-9821","post","type-post","status-publish","format-standard","has-post-thumbnail","hentry","category-globetrotter"],"yoast_head":"<!-- This site is optimized with the Yoast SEO plugin v28.4 - https:\/\/yoast.com\/product\/yoast-seo-wordpress\/ -->\n<title>Les voitures de location sont taboues pour lui - Kiwanis International District Switzerland-Liechtenstein<\/title>\n<meta name=\"robots\" content=\"index, follow, max-snippet:-1, max-image-preview:large, max-video-preview:-1\" \/>\n<link rel=\"canonical\" href=\"https:\/\/www.kiwanis.ch\/fr\/les-voitures-de-location-sont-taboues-pour-lui\/\" \/>\n<meta property=\"og:locale\" content=\"fr_FR\" \/>\n<meta property=\"og:type\" content=\"article\" \/>\n<meta property=\"og:title\" content=\"Les voitures de location sont taboues pour lui - Kiwanis International District Switzerland-Liechtenstein\" \/>\n<meta property=\"og:description\" content=\"Comme chef de l\u2019Agritourisme en Suisse, Andreas Allenspach n\u2019est pas seulement quelque chose comme \u00ab\u00a0Monsieur dormir sur la paille\u00a0\u00bb. Il voyage aussi volontiers avec sa famille sac au dos. Andreas Allenspach a le go\u00fbt du voyage dans le sang, durant 13 ans il a parcouru le monde en tous sens avec Swissair. Aujourd\u2019hui il d\u00e9couvre [&hellip;]\" \/>\n<meta property=\"og:url\" content=\"https:\/\/www.kiwanis.ch\/fr\/les-voitures-de-location-sont-taboues-pour-lui\/\" \/>\n<meta property=\"og:site_name\" content=\"Kiwanis International District Switzerland-Liechtenstein\" \/>\n<meta property=\"article:published_time\" content=\"2022-03-09T09:00:00+00:00\" \/>\n<meta property=\"article:modified_time\" content=\"2022-03-10T08:55:35+00:00\" \/>\n<meta property=\"og:image\" content=\"https:\/\/www.kiwanis.ch\/wp-content\/uploads\/2022\/03\/Allenspach2.jpeg\" \/>\n\t<meta property=\"og:image:width\" content=\"1536\" \/>\n\t<meta property=\"og:image:height\" content=\"2048\" \/>\n\t<meta property=\"og:image:type\" content=\"image\/jpeg\" \/>\n<meta name=\"author\" content=\"Redaktion\" \/>\n<meta name=\"twitter:card\" content=\"summary_large_image\" \/>\n<meta name=\"twitter:image\" content=\"https:\/\/www.kiwanis.ch\/wp-content\/uploads\/2022\/03\/Allenspach2.jpeg\" \/>\n<meta name=\"twitter:label1\" content=\"\u00c9crit par\" \/>\n\t<meta name=\"twitter:data1\" content=\"Redaktion\" \/>\n\t<meta name=\"twitter:label2\" content=\"Dur\u00e9e de lecture estim\u00e9e\" \/>\n\t<meta name=\"twitter:data2\" content=\"3 minutes\" \/>\n<script type=\"application\/ld+json\" class=\"yoast-schema-graph\">{\"@context\":\"https:\\\/\\\/schema.org\",\"@graph\":[{\"@type\":\"Article\",\"@id\":\"https:\\\/\\\/www.kiwanis.ch\\\/fr\\\/les-voitures-de-location-sont-taboues-pour-lui\\\/#article\",\"isPartOf\":{\"@id\":\"https:\\\/\\\/www.kiwanis.ch\\\/fr\\\/les-voitures-de-location-sont-taboues-pour-lui\\\/\"},\"author\":{\"name\":\"Redaktion\",\"@id\":\"https:\\\/\\\/www.kiwanis.ch\\\/fr\\\/#\\\/schema\\\/person\\\/32e076a576cc36b251d0d73060b06f13\"},\"headline\":\"Les voitures de location sont taboues pour lui\",\"datePublished\":\"2022-03-09T09:00:00+00:00\",\"dateModified\":\"2022-03-10T08:55:35+00:00\",\"mainEntityOfPage\":{\"@id\":\"https:\\\/\\\/www.kiwanis.ch\\\/fr\\\/les-voitures-de-location-sont-taboues-pour-lui\\\/\"},\"wordCount\":508,\"image\":{\"@id\":\"https:\\\/\\\/www.kiwanis.ch\\\/fr\\\/les-voitures-de-location-sont-taboues-pour-lui\\\/#primaryimage\"},\"thumbnailUrl\":\"https:\\\/\\\/www.kiwanis.ch\\\/wp-content\\\/uploads\\\/2022\\\/03\\\/Allenspach2.jpeg\",\"articleSection\":[\"Globetrotter\"],\"inLanguage\":\"fr-FR\"},{\"@type\":\"WebPage\",\"@id\":\"https:\\\/\\\/www.kiwanis.ch\\\/fr\\\/les-voitures-de-location-sont-taboues-pour-lui\\\/\",\"url\":\"https:\\\/\\\/www.kiwanis.ch\\\/fr\\\/les-voitures-de-location-sont-taboues-pour-lui\\\/\",\"name\":\"Les voitures de location sont taboues pour lui - Kiwanis International District Switzerland-Liechtenstein\",\"isPartOf\":{\"@id\":\"https:\\\/\\\/www.kiwanis.ch\\\/fr\\\/#website\"},\"primaryImageOfPage\":{\"@id\":\"https:\\\/\\\/www.kiwanis.ch\\\/fr\\\/les-voitures-de-location-sont-taboues-pour-lui\\\/#primaryimage\"},\"image\":{\"@id\":\"https:\\\/\\\/www.kiwanis.ch\\\/fr\\\/les-voitures-de-location-sont-taboues-pour-lui\\\/#primaryimage\"},\"thumbnailUrl\":\"https:\\\/\\\/www.kiwanis.ch\\\/wp-content\\\/uploads\\\/2022\\\/03\\\/Allenspach2.jpeg\",\"datePublished\":\"2022-03-09T09:00:00+00:00\",\"dateModified\":\"2022-03-10T08:55:35+00:00\",\"author\":{\"@id\":\"https:\\\/\\\/www.kiwanis.ch\\\/fr\\\/#\\\/schema\\\/person\\\/32e076a576cc36b251d0d73060b06f13\"},\"breadcrumb\":{\"@id\":\"https:\\\/\\\/www.kiwanis.ch\\\/fr\\\/les-voitures-de-location-sont-taboues-pour-lui\\\/#breadcrumb\"},\"inLanguage\":\"fr-FR\",\"potentialAction\":[{\"@type\":\"ReadAction\",\"target\":[\"https:\\\/\\\/www.kiwanis.ch\\\/fr\\\/les-voitures-de-location-sont-taboues-pour-lui\\\/\"]}]},{\"@type\":\"ImageObject\",\"inLanguage\":\"fr-FR\",\"@id\":\"https:\\\/\\\/www.kiwanis.ch\\\/fr\\\/les-voitures-de-location-sont-taboues-pour-lui\\\/#primaryimage\",\"url\":\"https:\\\/\\\/www.kiwanis.ch\\\/wp-content\\\/uploads\\\/2022\\\/03\\\/Allenspach2.jpeg\",\"contentUrl\":\"https:\\\/\\\/www.kiwanis.ch\\\/wp-content\\\/uploads\\\/2022\\\/03\\\/Allenspach2.jpeg\",\"width\":1536,\"height\":2048},{\"@type\":\"BreadcrumbList\",\"@id\":\"https:\\\/\\\/www.kiwanis.ch\\\/fr\\\/les-voitures-de-location-sont-taboues-pour-lui\\\/#breadcrumb\",\"itemListElement\":[{\"@type\":\"ListItem\",\"position\":1,\"name\":\"Startseite\",\"item\":\"https:\\\/\\\/www.kiwanis.ch\\\/fr\\\/\"},{\"@type\":\"ListItem\",\"position\":2,\"name\":\"Les voitures de location sont taboues pour lui\"}]},{\"@type\":\"WebSite\",\"@id\":\"https:\\\/\\\/www.kiwanis.ch\\\/fr\\\/#website\",\"url\":\"https:\\\/\\\/www.kiwanis.ch\\\/fr\\\/\",\"name\":\"Kiwanis International District Switzerland-Liechtenstein\",\"description\":\"\",\"potentialAction\":[{\"@type\":\"SearchAction\",\"target\":{\"@type\":\"EntryPoint\",\"urlTemplate\":\"https:\\\/\\\/www.kiwanis.ch\\\/fr\\\/?s={search_term_string}\"},\"query-input\":{\"@type\":\"PropertyValueSpecification\",\"valueRequired\":true,\"valueName\":\"search_term_string\"}}],\"inLanguage\":\"fr-FR\"},{\"@type\":\"Person\",\"@id\":\"https:\\\/\\\/www.kiwanis.ch\\\/fr\\\/#\\\/schema\\\/person\\\/32e076a576cc36b251d0d73060b06f13\",\"name\":\"Redaktion\"}]}<\/script>\n<!-- \/ Yoast SEO plugin. -->","yoast_head_json":{"title":"Les voitures de location sont taboues pour lui - Kiwanis International District Switzerland-Liechtenstein","robots":{"index":"index","follow":"follow","max-snippet":"max-snippet:-1","max-image-preview":"max-image-preview:large","max-video-preview":"max-video-preview:-1"},"canonical":"https:\/\/www.kiwanis.ch\/fr\/les-voitures-de-location-sont-taboues-pour-lui\/","og_locale":"fr_FR","og_type":"article","og_title":"Les voitures de location sont taboues pour lui - Kiwanis International District Switzerland-Liechtenstein","og_description":"Comme chef de l\u2019Agritourisme en Suisse, Andreas Allenspach n\u2019est pas seulement quelque chose comme \u00ab\u00a0Monsieur dormir sur la paille\u00a0\u00bb. Il voyage aussi volontiers avec sa famille sac au dos. Andreas Allenspach a le go\u00fbt du voyage dans le sang, durant 13 ans il a parcouru le monde en tous sens avec Swissair. Aujourd\u2019hui il d\u00e9couvre [&hellip;]","og_url":"https:\/\/www.kiwanis.ch\/fr\/les-voitures-de-location-sont-taboues-pour-lui\/","og_site_name":"Kiwanis International District Switzerland-Liechtenstein","article_published_time":"2022-03-09T09:00:00+00:00","article_modified_time":"2022-03-10T08:55:35+00:00","og_image":[{"width":1536,"height":2048,"url":"https:\/\/www.kiwanis.ch\/wp-content\/uploads\/2022\/03\/Allenspach2.jpeg","type":"image\/jpeg"}],"author":"Redaktion","twitter_card":"summary_large_image","twitter_image":"https:\/\/www.kiwanis.ch\/wp-content\/uploads\/2022\/03\/Allenspach2.jpeg","twitter_misc":{"\u00c9crit par":"Redaktion","Dur\u00e9e de lecture estim\u00e9e":"3 minutes"},"schema":{"@context":"https:\/\/schema.org","@graph":[{"@type":"Article","@id":"https:\/\/www.kiwanis.ch\/fr\/les-voitures-de-location-sont-taboues-pour-lui\/#article","isPartOf":{"@id":"https:\/\/www.kiwanis.ch\/fr\/les-voitures-de-location-sont-taboues-pour-lui\/"},"author":{"name":"Redaktion","@id":"https:\/\/www.kiwanis.ch\/fr\/#\/schema\/person\/32e076a576cc36b251d0d73060b06f13"},"headline":"Les voitures de location sont taboues pour lui","datePublished":"2022-03-09T09:00:00+00:00","dateModified":"2022-03-10T08:55:35+00:00","mainEntityOfPage":{"@id":"https:\/\/www.kiwanis.ch\/fr\/les-voitures-de-location-sont-taboues-pour-lui\/"},"wordCount":508,"image":{"@id":"https:\/\/www.kiwanis.ch\/fr\/les-voitures-de-location-sont-taboues-pour-lui\/#primaryimage"},"thumbnailUrl":"https:\/\/www.kiwanis.ch\/wp-content\/uploads\/2022\/03\/Allenspach2.jpeg","articleSection":["Globetrotter"],"inLanguage":"fr-FR"},{"@type":"WebPage","@id":"https:\/\/www.kiwanis.ch\/fr\/les-voitures-de-location-sont-taboues-pour-lui\/","url":"https:\/\/www.kiwanis.ch\/fr\/les-voitures-de-location-sont-taboues-pour-lui\/","name":"Les voitures de location sont taboues pour lui - Kiwanis International District Switzerland-Liechtenstein","isPartOf":{"@id":"https:\/\/www.kiwanis.ch\/fr\/#website"},"primaryImageOfPage":{"@id":"https:\/\/www.kiwanis.ch\/fr\/les-voitures-de-location-sont-taboues-pour-lui\/#primaryimage"},"image":{"@id":"https:\/\/www.kiwanis.ch\/fr\/les-voitures-de-location-sont-taboues-pour-lui\/#primaryimage"},"thumbnailUrl":"https:\/\/www.kiwanis.ch\/wp-content\/uploads\/2022\/03\/Allenspach2.jpeg","datePublished":"2022-03-09T09:00:00+00:00","dateModified":"2022-03-10T08:55:35+00:00","author":{"@id":"https:\/\/www.kiwanis.ch\/fr\/#\/schema\/person\/32e076a576cc36b251d0d73060b06f13"},"breadcrumb":{"@id":"https:\/\/www.kiwanis.ch\/fr\/les-voitures-de-location-sont-taboues-pour-lui\/#breadcrumb"},"inLanguage":"fr-FR","potentialAction":[{"@type":"ReadAction","target":["https:\/\/www.kiwanis.ch\/fr\/les-voitures-de-location-sont-taboues-pour-lui\/"]}]},{"@type":"ImageObject","inLanguage":"fr-FR","@id":"https:\/\/www.kiwanis.ch\/fr\/les-voitures-de-location-sont-taboues-pour-lui\/#primaryimage","url":"https:\/\/www.kiwanis.ch\/wp-content\/uploads\/2022\/03\/Allenspach2.jpeg","contentUrl":"https:\/\/www.kiwanis.ch\/wp-content\/uploads\/2022\/03\/Allenspach2.jpeg","width":1536,"height":2048},{"@type":"BreadcrumbList","@id":"https:\/\/www.kiwanis.ch\/fr\/les-voitures-de-location-sont-taboues-pour-lui\/#breadcrumb","itemListElement":[{"@type":"ListItem","position":1,"name":"Startseite","item":"https:\/\/www.kiwanis.ch\/fr\/"},{"@type":"ListItem","position":2,"name":"Les voitures de location sont taboues pour lui"}]},{"@type":"WebSite","@id":"https:\/\/www.kiwanis.ch\/fr\/#website","url":"https:\/\/www.kiwanis.ch\/fr\/","name":"Kiwanis International District Switzerland-Liechtenstein","description":"","potentialAction":[{"@type":"SearchAction","target":{"@type":"EntryPoint","urlTemplate":"https:\/\/www.kiwanis.ch\/fr\/?s={search_term_string}"},"query-input":{"@type":"PropertyValueSpecification","valueRequired":true,"valueName":"search_term_string"}}],"inLanguage":"fr-FR"},{"@type":"Person","@id":"https:\/\/www.kiwanis.ch\/fr\/#\/schema\/person\/32e076a576cc36b251d0d73060b06f13","name":"Redaktion"}]}},"_links":{"self":[{"href":"https:\/\/www.kiwanis.ch\/fr\/wp-json\/wp\/v2\/posts\/9821","targetHints":{"allow":["GET"]}}],"collection":[{"href":"https:\/\/www.kiwanis.ch\/fr\/wp-json\/wp\/v2\/posts"}],"about":[{"href":"https:\/\/www.kiwanis.ch\/fr\/wp-json\/wp\/v2\/types\/post"}],"author":[{"embeddable":true,"href":"https:\/\/www.kiwanis.ch\/fr\/wp-json\/wp\/v2\/users\/5"}],"replies":[{"embeddable":true,"href":"https:\/\/www.kiwanis.ch\/fr\/wp-json\/wp\/v2\/comments?post=9821"}],"version-history":[{"count":3,"href":"https:\/\/www.kiwanis.ch\/fr\/wp-json\/wp\/v2\/posts\/9821\/revisions"}],"predecessor-version":[{"id":9846,"href":"https:\/\/www.kiwanis.ch\/fr\/wp-json\/wp\/v2\/posts\/9821\/revisions\/9846"}],"wp:featuredmedia":[{"embeddable":true,"href":"https:\/\/www.kiwanis.ch\/fr\/wp-json\/wp\/v2\/media\/9832"}],"wp:attachment":[{"href":"https:\/\/www.kiwanis.ch\/fr\/wp-json\/wp\/v2\/media?parent=9821"}],"wp:term":[{"taxonomy":"category","embeddable":true,"href":"https:\/\/www.kiwanis.ch\/fr\/wp-json\/wp\/v2\/categories?post=9821"},{"taxonomy":"post_tag","embeddable":true,"href":"https:\/\/www.kiwanis.ch\/fr\/wp-json\/wp\/v2\/tags?post=9821"}],"curies":[{"name":"wp","href":"https:\/\/api.w.org\/{rel}","templated":true}]}}