{"id":9613,"date":"2022-02-26T10:00:00","date_gmt":"2022-02-26T09:00:00","guid":{"rendered":"https:\/\/www.kiwanis.ch\/?p=9613"},"modified":"2022-03-03T14:49:45","modified_gmt":"2022-03-03T13:49:45","slug":"des-peres-noel","status":"publish","type":"post","link":"https:\/\/www.kiwanis.ch\/fr\/des-peres-noel\/","title":{"rendered":"Des P\u00e8res No\u00ebl"},"content":{"rendered":"<p>A la veille de Noe\u0308l, le KC Gros-de-Vaud a e\u0301gaye\u0301 le quotidien de personnes a\u0302ge\u0301es de la re\u0301gion d\u2019Echallens. La dernie\u0300re bonne action d\u2019une anne\u0301e riche en ge\u0301ne\u0301rosite\u0301 malgre\u0301 le Covid. Les membres du club ont encore joue\u0301 les Pe\u0300res Noe\u0308l le 24 de\u0301cembre. Comme l\u2019an dernier, et pour pallier l\u2019impossibilite\u0301 d\u2019organiser leur traditionnel Noe\u0308l de l\u2019amitie\u0301 au Cha\u0302teau d\u2019Echallens, ils ont confectionne\u0301 une centaine de paniers-ape\u0301ros a\u0300 base de produits re\u0301gionaux, qu\u2019ils sont ensuite alle\u0301s livrer a\u0300 autant de be\u0301ne\u0301ficiaires habitant Echallens et les villages environnants.<\/p>\n<p>Cette action a scelle\u0301 deux anne\u0301es 2020 et 2021 qui, malgre\u0301 les conditions particulie\u0300res, ont vu la quarantaine de membres de ce club service mener sept actions en faveur des plus de\u0301favorise\u0301s de notre pays, pour un montant total de pre\u0300s de 40\u2019000 francs. Ont ainsi be\u0301ne\u0301ficie\u0301 du soutien du KC Gros- de-Vaud, entre autres, les travaux de re\u0301novation du Cine\u0301ma d\u2019Echallens ou la structure de soutien scolaire Impact Jeunes, dont l\u2019utilite\u0301 est plus grande que jamais en ces temps trouble\u0301s.<\/p>\n<p>A propos de temps trouble\u0301s, les membres ont e\u0301galement invente\u0301 un nouveau type de soutien en mettant a\u0300 disposition un budget au cabinet de coaching familial R-source. De quoi alle\u0301ger la facture des parents \u00ab serre\u0301es aux entournures \u00bb qui faisaient malgre\u0301 tout appel a\u0300 ses services pour mieux traverser la crise.<\/p>\n<p>Mais les regards des AK sont de\u0301ja\u0300 tourne\u0301s vers l\u2019avenir avec la perspective du brunch annuel agende\u0301 au 27 mars prochain. Et, surtout, le de\u0301but des pre\u0301paratifs des festivite\u0301s du 40e anniversaire, pre\u0301vues en juin 2023.<\/p>\n<p><strong>AK Luca Caretti<\/strong><\/p>\n","protected":false},"excerpt":{"rendered":"<p>A la veille de Noe\u0308l, le KC Gros-de-Vaud a e\u0301gaye\u0301 le quotidien de personnes a\u0302ge\u0301es de la re\u0301gion d\u2019Echallens. La dernie\u0300re bonne action d\u2019une anne\u0301e riche en ge\u0301ne\u0301rosite\u0301 malgre\u0301 le Covid. Les membres du club ont encore joue\u0301 les Pe\u0300res Noe\u0308l le 24 de\u0301cembre. Comme l\u2019an dernier, et pour pallier l\u2019impossibilite\u0301 d\u2019organiser leur traditionnel Noe\u0308l [&hellip;]<\/p>\n","protected":false},"author":5,"featured_media":9615,"comment_status":"closed","ping_status":"closed","sticky":false,"template":"","format":"standard","meta":{"footnotes":""},"categories":[39],"tags":[],"class_list":["post-9613","post","type-post","status-publish","format-standard","has-post-thumbnail","hentry","category-engagement-fr"],"yoast_head":"<!-- This site is optimized with the Yoast SEO plugin v28.4 - https:\/\/yoast.com\/product\/yoast-seo-wordpress\/ -->\n<title>Des P\u00e8res No\u00ebl - Kiwanis International District Switzerland-Liechtenstein<\/title>\n<meta name=\"robots\" content=\"index, follow, max-snippet:-1, max-image-preview:large, max-video-preview:-1\" \/>\n<link rel=\"canonical\" href=\"https:\/\/www.kiwanis.ch\/fr\/des-peres-noel\/\" \/>\n<meta property=\"og:locale\" content=\"fr_FR\" \/>\n<meta property=\"og:type\" content=\"article\" \/>\n<meta property=\"og:title\" content=\"Des P\u00e8res No\u00ebl - Kiwanis International District Switzerland-Liechtenstein\" \/>\n<meta property=\"og:description\" content=\"A la veille de Noe\u0308l, le KC Gros-de-Vaud a e\u0301gaye\u0301 le quotidien de personnes a\u0302ge\u0301es de la re\u0301gion d\u2019Echallens. La dernie\u0300re bonne action d\u2019une anne\u0301e riche en ge\u0301ne\u0301rosite\u0301 malgre\u0301 le Covid. Les membres du club ont encore joue\u0301 les Pe\u0300res Noe\u0308l le 24 de\u0301cembre. Comme l\u2019an dernier, et pour pallier l\u2019impossibilite\u0301 d\u2019organiser leur traditionnel Noe\u0308l [&hellip;]\" \/>\n<meta property=\"og:url\" content=\"https:\/\/www.kiwanis.ch\/fr\/des-peres-noel\/\" \/>\n<meta property=\"og:site_name\" content=\"Kiwanis International District Switzerland-Liechtenstein\" \/>\n<meta property=\"article:published_time\" content=\"2022-02-26T09:00:00+00:00\" \/>\n<meta property=\"article:modified_time\" content=\"2022-03-03T13:49:45+00:00\" \/>\n<meta property=\"og:image\" content=\"https:\/\/www.kiwanis.ch\/wp-content\/uploads\/2022\/03\/gros-de-vaud-scaled.jpg\" \/>\n\t<meta property=\"og:image:width\" content=\"2560\" \/>\n\t<meta property=\"og:image:height\" content=\"1817\" \/>\n\t<meta property=\"og:image:type\" content=\"image\/jpeg\" \/>\n<meta name=\"author\" content=\"Redaktion\" \/>\n<meta name=\"twitter:card\" content=\"summary_large_image\" \/>\n<meta name=\"twitter:image\" content=\"https:\/\/www.kiwanis.ch\/wp-content\/uploads\/2022\/03\/gros-de-vaud-scaled.jpg\" \/>\n<meta name=\"twitter:label1\" content=\"\u00c9crit par\" \/>\n\t<meta name=\"twitter:data1\" content=\"Redaktion\" \/>\n\t<meta name=\"twitter:label2\" content=\"Dur\u00e9e de lecture estim\u00e9e\" \/>\n\t<meta name=\"twitter:data2\" content=\"2 minutes\" \/>\n<script type=\"application\/ld+json\" class=\"yoast-schema-graph\">{\"@context\":\"https:\\\/\\\/schema.org\",\"@graph\":[{\"@type\":\"Article\",\"@id\":\"https:\\\/\\\/www.kiwanis.ch\\\/fr\\\/des-peres-noel\\\/#article\",\"isPartOf\":{\"@id\":\"https:\\\/\\\/www.kiwanis.ch\\\/fr\\\/des-peres-noel\\\/\"},\"author\":{\"name\":\"Redaktion\",\"@id\":\"https:\\\/\\\/www.kiwanis.ch\\\/fr\\\/#\\\/schema\\\/person\\\/32e076a576cc36b251d0d73060b06f13\"},\"headline\":\"Des P\u00e8res No\u00ebl\",\"datePublished\":\"2022-02-26T09:00:00+00:00\",\"dateModified\":\"2022-03-03T13:49:45+00:00\",\"mainEntityOfPage\":{\"@id\":\"https:\\\/\\\/www.kiwanis.ch\\\/fr\\\/des-peres-noel\\\/\"},\"wordCount\":306,\"image\":{\"@id\":\"https:\\\/\\\/www.kiwanis.ch\\\/fr\\\/des-peres-noel\\\/#primaryimage\"},\"thumbnailUrl\":\"https:\\\/\\\/www.kiwanis.ch\\\/wp-content\\\/uploads\\\/2022\\\/03\\\/gros-de-vaud-scaled.jpg\",\"articleSection\":[\"Engagement\"],\"inLanguage\":\"fr-FR\"},{\"@type\":\"WebPage\",\"@id\":\"https:\\\/\\\/www.kiwanis.ch\\\/fr\\\/des-peres-noel\\\/\",\"url\":\"https:\\\/\\\/www.kiwanis.ch\\\/fr\\\/des-peres-noel\\\/\",\"name\":\"Des P\u00e8res No\u00ebl - Kiwanis International District Switzerland-Liechtenstein\",\"isPartOf\":{\"@id\":\"https:\\\/\\\/www.kiwanis.ch\\\/fr\\\/#website\"},\"primaryImageOfPage\":{\"@id\":\"https:\\\/\\\/www.kiwanis.ch\\\/fr\\\/des-peres-noel\\\/#primaryimage\"},\"image\":{\"@id\":\"https:\\\/\\\/www.kiwanis.ch\\\/fr\\\/des-peres-noel\\\/#primaryimage\"},\"thumbnailUrl\":\"https:\\\/\\\/www.kiwanis.ch\\\/wp-content\\\/uploads\\\/2022\\\/03\\\/gros-de-vaud-scaled.jpg\",\"datePublished\":\"2022-02-26T09:00:00+00:00\",\"dateModified\":\"2022-03-03T13:49:45+00:00\",\"author\":{\"@id\":\"https:\\\/\\\/www.kiwanis.ch\\\/fr\\\/#\\\/schema\\\/person\\\/32e076a576cc36b251d0d73060b06f13\"},\"breadcrumb\":{\"@id\":\"https:\\\/\\\/www.kiwanis.ch\\\/fr\\\/des-peres-noel\\\/#breadcrumb\"},\"inLanguage\":\"fr-FR\",\"potentialAction\":[{\"@type\":\"ReadAction\",\"target\":[\"https:\\\/\\\/www.kiwanis.ch\\\/fr\\\/des-peres-noel\\\/\"]}]},{\"@type\":\"ImageObject\",\"inLanguage\":\"fr-FR\",\"@id\":\"https:\\\/\\\/www.kiwanis.ch\\\/fr\\\/des-peres-noel\\\/#primaryimage\",\"url\":\"https:\\\/\\\/www.kiwanis.ch\\\/wp-content\\\/uploads\\\/2022\\\/03\\\/gros-de-vaud-scaled.jpg\",\"contentUrl\":\"https:\\\/\\\/www.kiwanis.ch\\\/wp-content\\\/uploads\\\/2022\\\/03\\\/gros-de-vaud-scaled.jpg\",\"width\":2560,\"height\":1817},{\"@type\":\"BreadcrumbList\",\"@id\":\"https:\\\/\\\/www.kiwanis.ch\\\/fr\\\/des-peres-noel\\\/#breadcrumb\",\"itemListElement\":[{\"@type\":\"ListItem\",\"position\":1,\"name\":\"Startseite\",\"item\":\"https:\\\/\\\/www.kiwanis.ch\\\/fr\\\/\"},{\"@type\":\"ListItem\",\"position\":2,\"name\":\"Des P\u00e8res No\u00ebl\"}]},{\"@type\":\"WebSite\",\"@id\":\"https:\\\/\\\/www.kiwanis.ch\\\/fr\\\/#website\",\"url\":\"https:\\\/\\\/www.kiwanis.ch\\\/fr\\\/\",\"name\":\"Kiwanis International District Switzerland-Liechtenstein\",\"description\":\"\",\"potentialAction\":[{\"@type\":\"SearchAction\",\"target\":{\"@type\":\"EntryPoint\",\"urlTemplate\":\"https:\\\/\\\/www.kiwanis.ch\\\/fr\\\/?s={search_term_string}\"},\"query-input\":{\"@type\":\"PropertyValueSpecification\",\"valueRequired\":true,\"valueName\":\"search_term_string\"}}],\"inLanguage\":\"fr-FR\"},{\"@type\":\"Person\",\"@id\":\"https:\\\/\\\/www.kiwanis.ch\\\/fr\\\/#\\\/schema\\\/person\\\/32e076a576cc36b251d0d73060b06f13\",\"name\":\"Redaktion\"}]}<\/script>\n<!-- \/ Yoast SEO plugin. -->","yoast_head_json":{"title":"Des P\u00e8res No\u00ebl - Kiwanis International District Switzerland-Liechtenstein","robots":{"index":"index","follow":"follow","max-snippet":"max-snippet:-1","max-image-preview":"max-image-preview:large","max-video-preview":"max-video-preview:-1"},"canonical":"https:\/\/www.kiwanis.ch\/fr\/des-peres-noel\/","og_locale":"fr_FR","og_type":"article","og_title":"Des P\u00e8res No\u00ebl - Kiwanis International District Switzerland-Liechtenstein","og_description":"A la veille de Noe\u0308l, le KC Gros-de-Vaud a e\u0301gaye\u0301 le quotidien de personnes a\u0302ge\u0301es de la re\u0301gion d\u2019Echallens. La dernie\u0300re bonne action d\u2019une anne\u0301e riche en ge\u0301ne\u0301rosite\u0301 malgre\u0301 le Covid. Les membres du club ont encore joue\u0301 les Pe\u0300res Noe\u0308l le 24 de\u0301cembre. Comme l\u2019an dernier, et pour pallier l\u2019impossibilite\u0301 d\u2019organiser leur traditionnel Noe\u0308l [&hellip;]","og_url":"https:\/\/www.kiwanis.ch\/fr\/des-peres-noel\/","og_site_name":"Kiwanis International District Switzerland-Liechtenstein","article_published_time":"2022-02-26T09:00:00+00:00","article_modified_time":"2022-03-03T13:49:45+00:00","og_image":[{"width":2560,"height":1817,"url":"https:\/\/www.kiwanis.ch\/wp-content\/uploads\/2022\/03\/gros-de-vaud-scaled.jpg","type":"image\/jpeg"}],"author":"Redaktion","twitter_card":"summary_large_image","twitter_image":"https:\/\/www.kiwanis.ch\/wp-content\/uploads\/2022\/03\/gros-de-vaud-scaled.jpg","twitter_misc":{"\u00c9crit par":"Redaktion","Dur\u00e9e de lecture estim\u00e9e":"2 minutes"},"schema":{"@context":"https:\/\/schema.org","@graph":[{"@type":"Article","@id":"https:\/\/www.kiwanis.ch\/fr\/des-peres-noel\/#article","isPartOf":{"@id":"https:\/\/www.kiwanis.ch\/fr\/des-peres-noel\/"},"author":{"name":"Redaktion","@id":"https:\/\/www.kiwanis.ch\/fr\/#\/schema\/person\/32e076a576cc36b251d0d73060b06f13"},"headline":"Des P\u00e8res No\u00ebl","datePublished":"2022-02-26T09:00:00+00:00","dateModified":"2022-03-03T13:49:45+00:00","mainEntityOfPage":{"@id":"https:\/\/www.kiwanis.ch\/fr\/des-peres-noel\/"},"wordCount":306,"image":{"@id":"https:\/\/www.kiwanis.ch\/fr\/des-peres-noel\/#primaryimage"},"thumbnailUrl":"https:\/\/www.kiwanis.ch\/wp-content\/uploads\/2022\/03\/gros-de-vaud-scaled.jpg","articleSection":["Engagement"],"inLanguage":"fr-FR"},{"@type":"WebPage","@id":"https:\/\/www.kiwanis.ch\/fr\/des-peres-noel\/","url":"https:\/\/www.kiwanis.ch\/fr\/des-peres-noel\/","name":"Des P\u00e8res No\u00ebl - Kiwanis International District Switzerland-Liechtenstein","isPartOf":{"@id":"https:\/\/www.kiwanis.ch\/fr\/#website"},"primaryImageOfPage":{"@id":"https:\/\/www.kiwanis.ch\/fr\/des-peres-noel\/#primaryimage"},"image":{"@id":"https:\/\/www.kiwanis.ch\/fr\/des-peres-noel\/#primaryimage"},"thumbnailUrl":"https:\/\/www.kiwanis.ch\/wp-content\/uploads\/2022\/03\/gros-de-vaud-scaled.jpg","datePublished":"2022-02-26T09:00:00+00:00","dateModified":"2022-03-03T13:49:45+00:00","author":{"@id":"https:\/\/www.kiwanis.ch\/fr\/#\/schema\/person\/32e076a576cc36b251d0d73060b06f13"},"breadcrumb":{"@id":"https:\/\/www.kiwanis.ch\/fr\/des-peres-noel\/#breadcrumb"},"inLanguage":"fr-FR","potentialAction":[{"@type":"ReadAction","target":["https:\/\/www.kiwanis.ch\/fr\/des-peres-noel\/"]}]},{"@type":"ImageObject","inLanguage":"fr-FR","@id":"https:\/\/www.kiwanis.ch\/fr\/des-peres-noel\/#primaryimage","url":"https:\/\/www.kiwanis.ch\/wp-content\/uploads\/2022\/03\/gros-de-vaud-scaled.jpg","contentUrl":"https:\/\/www.kiwanis.ch\/wp-content\/uploads\/2022\/03\/gros-de-vaud-scaled.jpg","width":2560,"height":1817},{"@type":"BreadcrumbList","@id":"https:\/\/www.kiwanis.ch\/fr\/des-peres-noel\/#breadcrumb","itemListElement":[{"@type":"ListItem","position":1,"name":"Startseite","item":"https:\/\/www.kiwanis.ch\/fr\/"},{"@type":"ListItem","position":2,"name":"Des P\u00e8res No\u00ebl"}]},{"@type":"WebSite","@id":"https:\/\/www.kiwanis.ch\/fr\/#website","url":"https:\/\/www.kiwanis.ch\/fr\/","name":"Kiwanis International District Switzerland-Liechtenstein","description":"","potentialAction":[{"@type":"SearchAction","target":{"@type":"EntryPoint","urlTemplate":"https:\/\/www.kiwanis.ch\/fr\/?s={search_term_string}"},"query-input":{"@type":"PropertyValueSpecification","valueRequired":true,"valueName":"search_term_string"}}],"inLanguage":"fr-FR"},{"@type":"Person","@id":"https:\/\/www.kiwanis.ch\/fr\/#\/schema\/person\/32e076a576cc36b251d0d73060b06f13","name":"Redaktion"}]}},"_links":{"self":[{"href":"https:\/\/www.kiwanis.ch\/fr\/wp-json\/wp\/v2\/posts\/9613","targetHints":{"allow":["GET"]}}],"collection":[{"href":"https:\/\/www.kiwanis.ch\/fr\/wp-json\/wp\/v2\/posts"}],"about":[{"href":"https:\/\/www.kiwanis.ch\/fr\/wp-json\/wp\/v2\/types\/post"}],"author":[{"embeddable":true,"href":"https:\/\/www.kiwanis.ch\/fr\/wp-json\/wp\/v2\/users\/5"}],"replies":[{"embeddable":true,"href":"https:\/\/www.kiwanis.ch\/fr\/wp-json\/wp\/v2\/comments?post=9613"}],"version-history":[{"count":2,"href":"https:\/\/www.kiwanis.ch\/fr\/wp-json\/wp\/v2\/posts\/9613\/revisions"}],"predecessor-version":[{"id":9706,"href":"https:\/\/www.kiwanis.ch\/fr\/wp-json\/wp\/v2\/posts\/9613\/revisions\/9706"}],"wp:featuredmedia":[{"embeddable":true,"href":"https:\/\/www.kiwanis.ch\/fr\/wp-json\/wp\/v2\/media\/9615"}],"wp:attachment":[{"href":"https:\/\/www.kiwanis.ch\/fr\/wp-json\/wp\/v2\/media?parent=9613"}],"wp:term":[{"taxonomy":"category","embeddable":true,"href":"https:\/\/www.kiwanis.ch\/fr\/wp-json\/wp\/v2\/categories?post=9613"},{"taxonomy":"post_tag","embeddable":true,"href":"https:\/\/www.kiwanis.ch\/fr\/wp-json\/wp\/v2\/tags?post=9613"}],"curies":[{"name":"wp","href":"https:\/\/api.w.org\/{rel}","templated":true}]}}