{"id":24601,"date":"2024-12-26T10:00:00","date_gmt":"2024-12-26T09:00:00","guid":{"rendered":"https:\/\/www.kiwanis.ch\/?p=24601"},"modified":"2024-11-25T11:31:29","modified_gmt":"2024-11-25T10:31:29","slug":"la-joie-et-la-solidarite","status":"publish","type":"post","link":"https:\/\/www.kiwanis.ch\/fr\/la-joie-et-la-solidarite\/","title":{"rendered":"La joie et la solidarit\u00e9"},"content":{"rendered":"<p style=\"text-align: justify;\">Le 16 novembre, la salle communale de Semsales a vibr\u00e9 au rythme des c\u00e9l\u00e9brations marquant le 20e anniversaire du KC De La Veveyse. Cette soir\u00e9e exceptionnelle a r\u00e9uni des personnalit\u00e9s politiques, des acteurs de la soci\u00e9t\u00e9 civile, ainsi que des b\u00e9n\u00e9voles et des sympathisants autour d\u2019une cause commune : le soutien \u00e0 l&rsquo;enfance.<\/p>\n<p style=\"text-align: justify;\">Le pr\u00e9sident du club, Antoine Vial, a remis des dons d\u2019une valeur totale de 40&rsquo;000 francs \u00e0 plusieurs organisations, dont la Jeune Chambre Internationale de la Veveyse et le CO de la Veveyse, pour financer des projets en faveur des enfants vuln\u00e9rables. L&rsquo;un des moments marquants fut le discours du pr\u00e9sident du gouvernement fribourgeois, Jean-Pierre Siggen, qui a salu\u00e9 l\u2019engagement du club et soulign\u00e9 l\u2019importance de la solidarit\u00e9 dans la construction d&rsquo;un avenir meilleur pour les jeunes g\u00e9n\u00e9rations.<\/p>\n<p style=\"text-align: justify;\">La soir\u00e9e a \u00e9galement permis de r\u00e9unir les membres et partenaires du Kiwanis autour de repas conviviaux et d&rsquo;animations. Le lt. gouv. de la division 5, Yvan Hunziker, a remerci\u00e9 les membres et partenaires pour leur soutien, \u00e9voquant l&rsquo;\u00e9volution du club et son ouverture \u00e0 de nouvelles id\u00e9es, notamment avec l\u2019accueil des femmes parmi ses membres. Ce 20e anniversaire a \u00e9t\u00e9 un v\u00e9ritable symbole de solidarit\u00e9, de g\u00e9n\u00e9rosit\u00e9 et d\u2019engagement pour les enfants.<\/p>\n<p style=\"text-align: justify;\"><strong>AK Daniel Savary<\/strong><\/p>\n<div id='gallery-1' class='gallery galleryid-24601 gallery-columns-3 gallery-size-medium'><figure class='gallery-item'>\n\t\t\t<div class='gallery-icon portrait'>\n\t\t\t\t<a href='https:\/\/www.kiwanis.ch\/wp-content\/uploads\/2024\/11\/Past_Governor_KC_Schweiz-Liechtenstein-Anita_Turel.jpg'><img fetchpriority=\"high\" decoding=\"async\" width=\"225\" height=\"300\" src=\"https:\/\/www.kiwanis.ch\/wp-content\/uploads\/2024\/11\/Past_Governor_KC_Schweiz-Liechtenstein-Anita_Turel-225x300.jpg\" class=\"attachment-medium size-medium\" alt=\"Past Governor KC Schweiz Liechtenstein Anita Turel Jubil\u00e4um 20 Jahre Kiwanis Club la Veveyse\" srcset=\"https:\/\/www.kiwanis.ch\/wp-content\/uploads\/2024\/11\/Past_Governor_KC_Schweiz-Liechtenstein-Anita_Turel-225x300.jpg 225w, https:\/\/www.kiwanis.ch\/wp-content\/uploads\/2024\/11\/Past_Governor_KC_Schweiz-Liechtenstein-Anita_Turel-768x1024.jpg 768w, https:\/\/www.kiwanis.ch\/wp-content\/uploads\/2024\/11\/Past_Governor_KC_Schweiz-Liechtenstein-Anita_Turel-1152x1536.jpg 1152w, https:\/\/www.kiwanis.ch\/wp-content\/uploads\/2024\/11\/Past_Governor_KC_Schweiz-Liechtenstein-Anita_Turel-600x800.jpg 600w, https:\/\/www.kiwanis.ch\/wp-content\/uploads\/2024\/11\/Past_Governor_KC_Schweiz-Liechtenstein-Anita_Turel.jpg 1200w\" sizes=\"(max-width: 225px) 100vw, 225px\" \/><\/a>\n\t\t\t<\/div><\/figure><figure class='gallery-item'>\n\t\t\t<div class='gallery-icon portrait'>\n\t\t\t\t<a href='https:\/\/www.kiwanis.ch\/wp-content\/uploads\/2024\/11\/Anniversaire_KC_la_Veveyse_16.11.2024.jpg'><img decoding=\"async\" width=\"225\" height=\"300\" src=\"https:\/\/www.kiwanis.ch\/wp-content\/uploads\/2024\/11\/Anniversaire_KC_la_Veveyse_16.11.2024-225x300.jpg\" class=\"attachment-medium size-medium\" alt=\"Anniversaire KC la Veveyse 16.11.2024\" srcset=\"https:\/\/www.kiwanis.ch\/wp-content\/uploads\/2024\/11\/Anniversaire_KC_la_Veveyse_16.11.2024-225x300.jpg 225w, https:\/\/www.kiwanis.ch\/wp-content\/uploads\/2024\/11\/Anniversaire_KC_la_Veveyse_16.11.2024-768x1024.jpg 768w, https:\/\/www.kiwanis.ch\/wp-content\/uploads\/2024\/11\/Anniversaire_KC_la_Veveyse_16.11.2024-1152x1536.jpg 1152w, https:\/\/www.kiwanis.ch\/wp-content\/uploads\/2024\/11\/Anniversaire_KC_la_Veveyse_16.11.2024-600x800.jpg 600w, https:\/\/www.kiwanis.ch\/wp-content\/uploads\/2024\/11\/Anniversaire_KC_la_Veveyse_16.11.2024.jpg 1200w\" sizes=\"(max-width: 225px) 100vw, 225px\" \/><\/a>\n\t\t\t<\/div><\/figure><figure class='gallery-item'>\n\t\t\t<div class='gallery-icon portrait'>\n\t\t\t\t<a href='https:\/\/www.kiwanis.ch\/wp-content\/uploads\/2024\/11\/organisation_Tesalpi.jpg'><img decoding=\"async\" width=\"225\" height=\"300\" src=\"https:\/\/www.kiwanis.ch\/wp-content\/uploads\/2024\/11\/organisation_Tesalpi-225x300.jpg\" class=\"attachment-medium size-medium\" alt=\"Remise d&#039;un don \u00e0 la Tesalpi 12&#039;000 FR.\" srcset=\"https:\/\/www.kiwanis.ch\/wp-content\/uploads\/2024\/11\/organisation_Tesalpi-225x300.jpg 225w, https:\/\/www.kiwanis.ch\/wp-content\/uploads\/2024\/11\/organisation_Tesalpi-768x1024.jpg 768w, https:\/\/www.kiwanis.ch\/wp-content\/uploads\/2024\/11\/organisation_Tesalpi-1152x1536.jpg 1152w, https:\/\/www.kiwanis.ch\/wp-content\/uploads\/2024\/11\/organisation_Tesalpi-600x800.jpg 600w, https:\/\/www.kiwanis.ch\/wp-content\/uploads\/2024\/11\/organisation_Tesalpi.jpg 1200w\" sizes=\"(max-width: 225px) 100vw, 225px\" \/><\/a>\n\t\t\t<\/div><\/figure><figure class='gallery-item'>\n\t\t\t<div class='gallery-icon portrait'>\n\t\t\t\t<a href='https:\/\/www.kiwanis.ch\/wp-content\/uploads\/2024\/11\/la_jeune_chambre_du_commerce.jpg'><img loading=\"lazy\" decoding=\"async\" width=\"225\" height=\"300\" src=\"https:\/\/www.kiwanis.ch\/wp-content\/uploads\/2024\/11\/la_jeune_chambre_du_commerce-225x300.jpg\" class=\"attachment-medium size-medium\" alt=\"Remise d&#039;un don de 12&#039;000Fr. \u00e0 la jeune chambre de commerce\" srcset=\"https:\/\/www.kiwanis.ch\/wp-content\/uploads\/2024\/11\/la_jeune_chambre_du_commerce-225x300.jpg 225w, https:\/\/www.kiwanis.ch\/wp-content\/uploads\/2024\/11\/la_jeune_chambre_du_commerce-768x1024.jpg 768w, https:\/\/www.kiwanis.ch\/wp-content\/uploads\/2024\/11\/la_jeune_chambre_du_commerce-1152x1536.jpg 1152w, https:\/\/www.kiwanis.ch\/wp-content\/uploads\/2024\/11\/la_jeune_chambre_du_commerce-600x800.jpg 600w, https:\/\/www.kiwanis.ch\/wp-content\/uploads\/2024\/11\/la_jeune_chambre_du_commerce.jpg 1200w\" sizes=\"(max-width: 225px) 100vw, 225px\" \/><\/a>\n\t\t\t<\/div><\/figure><figure class='gallery-item'>\n\t\t\t<div class='gallery-icon portrait'>\n\t\t\t\t<a href='https:\/\/www.kiwanis.ch\/wp-content\/uploads\/2024\/11\/Past_Governor_Anital_Turel_mit_Spende.jpg'><img loading=\"lazy\" decoding=\"async\" width=\"225\" height=\"300\" src=\"https:\/\/www.kiwanis.ch\/wp-content\/uploads\/2024\/11\/Past_Governor_Anital_Turel_mit_Spende-225x300.jpg\" class=\"attachment-medium size-medium\" alt=\"Past Governor Anital Turel remis des dons\" srcset=\"https:\/\/www.kiwanis.ch\/wp-content\/uploads\/2024\/11\/Past_Governor_Anital_Turel_mit_Spende-225x300.jpg 225w, https:\/\/www.kiwanis.ch\/wp-content\/uploads\/2024\/11\/Past_Governor_Anital_Turel_mit_Spende-768x1024.jpg 768w, https:\/\/www.kiwanis.ch\/wp-content\/uploads\/2024\/11\/Past_Governor_Anital_Turel_mit_Spende-1152x1536.jpg 1152w, https:\/\/www.kiwanis.ch\/wp-content\/uploads\/2024\/11\/Past_Governor_Anital_Turel_mit_Spende-600x800.jpg 600w, https:\/\/www.kiwanis.ch\/wp-content\/uploads\/2024\/11\/Past_Governor_Anital_Turel_mit_Spende.jpg 1200w\" sizes=\"(max-width: 225px) 100vw, 225px\" \/><\/a>\n\t\t\t<\/div><\/figure><figure class='gallery-item'>\n\t\t\t<div class='gallery-icon portrait'>\n\t\t\t\t<a href='https:\/\/www.kiwanis.ch\/wp-content\/uploads\/2024\/11\/orientation_de_la_Veveyse.jpg'><img loading=\"lazy\" decoding=\"async\" width=\"225\" height=\"300\" src=\"https:\/\/www.kiwanis.ch\/wp-content\/uploads\/2024\/11\/orientation_de_la_Veveyse-225x300.jpg\" class=\"attachment-medium size-medium\" alt=\"Ch\u0153ur d&#039;enfants sur la f\u00eate 20 ans de Kiwanis Club de la Veveyse\" srcset=\"https:\/\/www.kiwanis.ch\/wp-content\/uploads\/2024\/11\/orientation_de_la_Veveyse-225x300.jpg 225w, https:\/\/www.kiwanis.ch\/wp-content\/uploads\/2024\/11\/orientation_de_la_Veveyse-768x1024.jpg 768w, https:\/\/www.kiwanis.ch\/wp-content\/uploads\/2024\/11\/orientation_de_la_Veveyse-1152x1536.jpg 1152w, https:\/\/www.kiwanis.ch\/wp-content\/uploads\/2024\/11\/orientation_de_la_Veveyse-600x800.jpg 600w, https:\/\/www.kiwanis.ch\/wp-content\/uploads\/2024\/11\/orientation_de_la_Veveyse.jpg 1200w\" sizes=\"(max-width: 225px) 100vw, 225px\" \/><\/a>\n\t\t\t<\/div><\/figure><figure class='gallery-item'>\n\t\t\t<div class='gallery-icon landscape'>\n\t\t\t\t<a href='https:\/\/www.kiwanis.ch\/wp-content\/uploads\/2024\/11\/KC-la-Veveyse-26.11.2024-1.jpg'><img loading=\"lazy\" decoding=\"async\" width=\"300\" height=\"225\" src=\"https:\/\/www.kiwanis.ch\/wp-content\/uploads\/2024\/11\/KC-la-Veveyse-26.11.2024-1-300x225.jpg\" class=\"attachment-medium size-medium\" alt=\"Kiwanis Club la Veyese 20 ans de c\u00e9l\u00e9bration\" srcset=\"https:\/\/www.kiwanis.ch\/wp-content\/uploads\/2024\/11\/KC-la-Veveyse-26.11.2024-1-300x225.jpg 300w, https:\/\/www.kiwanis.ch\/wp-content\/uploads\/2024\/11\/KC-la-Veveyse-26.11.2024-1-1024x768.jpg 1024w, https:\/\/www.kiwanis.ch\/wp-content\/uploads\/2024\/11\/KC-la-Veveyse-26.11.2024-1-768x576.jpg 768w, https:\/\/www.kiwanis.ch\/wp-content\/uploads\/2024\/11\/KC-la-Veveyse-26.11.2024-1-600x450.jpg 600w, https:\/\/www.kiwanis.ch\/wp-content\/uploads\/2024\/11\/KC-la-Veveyse-26.11.2024-1.jpg 1200w\" sizes=\"(max-width: 300px) 100vw, 300px\" \/><\/a>\n\t\t\t<\/div><\/figure>\n\t\t<\/div>\n\n","protected":false},"excerpt":{"rendered":"<p>Le 16 novembre, la salle communale de Semsales a vibr\u00e9 au rythme des c\u00e9l\u00e9brations marquant le 20e anniversaire du KC De La Veveyse. Cette soir\u00e9e exceptionnelle a r\u00e9uni des personnalit\u00e9s politiques, des acteurs de la soci\u00e9t\u00e9 civile, ainsi que des b\u00e9n\u00e9voles et des sympathisants autour d\u2019une cause commune : le soutien \u00e0 l&rsquo;enfance. Le pr\u00e9sident [&hellip;]<\/p>\n","protected":false},"author":5,"featured_media":24553,"comment_status":"closed","ping_status":"closed","sticky":false,"template":"","format":"standard","meta":{"footnotes":""},"categories":[89],"tags":[],"class_list":["post-24601","post","type-post","status-publish","format-standard","has-post-thumbnail","hentry","category-clubleben-2"],"yoast_head":"<!-- This site is optimized with the Yoast SEO plugin v28.4 - https:\/\/yoast.com\/product\/yoast-seo-wordpress\/ -->\n<title>La joie et la solidarit\u00e9 - Kiwanis International District Switzerland-Liechtenstein<\/title>\n<meta name=\"robots\" content=\"index, follow, max-snippet:-1, max-image-preview:large, max-video-preview:-1\" \/>\n<link rel=\"canonical\" href=\"https:\/\/www.kiwanis.ch\/fr\/la-joie-et-la-solidarite\/\" \/>\n<meta property=\"og:locale\" content=\"fr_FR\" \/>\n<meta property=\"og:type\" content=\"article\" \/>\n<meta property=\"og:title\" content=\"La joie et la solidarit\u00e9 - Kiwanis International District Switzerland-Liechtenstein\" \/>\n<meta property=\"og:description\" content=\"Le 16 novembre, la salle communale de Semsales a vibr\u00e9 au rythme des c\u00e9l\u00e9brations marquant le 20e anniversaire du KC De La Veveyse. Cette soir\u00e9e exceptionnelle a r\u00e9uni des personnalit\u00e9s politiques, des acteurs de la soci\u00e9t\u00e9 civile, ainsi que des b\u00e9n\u00e9voles et des sympathisants autour d\u2019une cause commune : le soutien \u00e0 l&rsquo;enfance. Le pr\u00e9sident [&hellip;]\" \/>\n<meta property=\"og:url\" content=\"https:\/\/www.kiwanis.ch\/fr\/la-joie-et-la-solidarite\/\" \/>\n<meta property=\"og:site_name\" content=\"Kiwanis International District Switzerland-Liechtenstein\" \/>\n<meta property=\"article:published_time\" content=\"2024-12-26T09:00:00+00:00\" \/>\n<meta property=\"og:image\" content=\"https:\/\/www.kiwanis.ch\/wp-content\/uploads\/2024\/11\/Ansprache-Regierungsratspraesident-FR_.jpg\" \/>\n\t<meta property=\"og:image:width\" content=\"1200\" \/>\n\t<meta property=\"og:image:height\" content=\"900\" \/>\n\t<meta property=\"og:image:type\" content=\"image\/jpeg\" \/>\n<meta name=\"author\" content=\"Redaktion\" \/>\n<meta name=\"twitter:card\" content=\"summary_large_image\" \/>\n<meta name=\"twitter:label1\" content=\"\u00c9crit par\" \/>\n\t<meta name=\"twitter:data1\" content=\"Redaktion\" \/>\n\t<meta name=\"twitter:label2\" content=\"Dur\u00e9e de lecture estim\u00e9e\" \/>\n\t<meta name=\"twitter:data2\" content=\"2 minutes\" \/>\n<script type=\"application\/ld+json\" class=\"yoast-schema-graph\">{\"@context\":\"https:\\\/\\\/schema.org\",\"@graph\":[{\"@type\":\"Article\",\"@id\":\"https:\\\/\\\/www.kiwanis.ch\\\/fr\\\/la-joie-et-la-solidarite\\\/#article\",\"isPartOf\":{\"@id\":\"https:\\\/\\\/www.kiwanis.ch\\\/fr\\\/la-joie-et-la-solidarite\\\/\"},\"author\":{\"name\":\"Redaktion\",\"@id\":\"https:\\\/\\\/www.kiwanis.ch\\\/fr\\\/#\\\/schema\\\/person\\\/32e076a576cc36b251d0d73060b06f13\"},\"headline\":\"La joie et la solidarit\u00e9\",\"datePublished\":\"2024-12-26T09:00:00+00:00\",\"mainEntityOfPage\":{\"@id\":\"https:\\\/\\\/www.kiwanis.ch\\\/fr\\\/la-joie-et-la-solidarite\\\/\"},\"wordCount\":241,\"image\":{\"@id\":\"https:\\\/\\\/www.kiwanis.ch\\\/fr\\\/la-joie-et-la-solidarite\\\/#primaryimage\"},\"thumbnailUrl\":\"https:\\\/\\\/www.kiwanis.ch\\\/wp-content\\\/uploads\\\/2024\\\/11\\\/Ansprache-Regierungsratspraesident-FR_.jpg\",\"articleSection\":[\"Clubleben\"],\"inLanguage\":\"fr-FR\"},{\"@type\":\"WebPage\",\"@id\":\"https:\\\/\\\/www.kiwanis.ch\\\/fr\\\/la-joie-et-la-solidarite\\\/\",\"url\":\"https:\\\/\\\/www.kiwanis.ch\\\/fr\\\/la-joie-et-la-solidarite\\\/\",\"name\":\"La joie et la solidarit\u00e9 - Kiwanis International District Switzerland-Liechtenstein\",\"isPartOf\":{\"@id\":\"https:\\\/\\\/www.kiwanis.ch\\\/fr\\\/#website\"},\"primaryImageOfPage\":{\"@id\":\"https:\\\/\\\/www.kiwanis.ch\\\/fr\\\/la-joie-et-la-solidarite\\\/#primaryimage\"},\"image\":{\"@id\":\"https:\\\/\\\/www.kiwanis.ch\\\/fr\\\/la-joie-et-la-solidarite\\\/#primaryimage\"},\"thumbnailUrl\":\"https:\\\/\\\/www.kiwanis.ch\\\/wp-content\\\/uploads\\\/2024\\\/11\\\/Ansprache-Regierungsratspraesident-FR_.jpg\",\"datePublished\":\"2024-12-26T09:00:00+00:00\",\"author\":{\"@id\":\"https:\\\/\\\/www.kiwanis.ch\\\/fr\\\/#\\\/schema\\\/person\\\/32e076a576cc36b251d0d73060b06f13\"},\"breadcrumb\":{\"@id\":\"https:\\\/\\\/www.kiwanis.ch\\\/fr\\\/la-joie-et-la-solidarite\\\/#breadcrumb\"},\"inLanguage\":\"fr-FR\",\"potentialAction\":[{\"@type\":\"ReadAction\",\"target\":[\"https:\\\/\\\/www.kiwanis.ch\\\/fr\\\/la-joie-et-la-solidarite\\\/\"]}]},{\"@type\":\"ImageObject\",\"inLanguage\":\"fr-FR\",\"@id\":\"https:\\\/\\\/www.kiwanis.ch\\\/fr\\\/la-joie-et-la-solidarite\\\/#primaryimage\",\"url\":\"https:\\\/\\\/www.kiwanis.ch\\\/wp-content\\\/uploads\\\/2024\\\/11\\\/Ansprache-Regierungsratspraesident-FR_.jpg\",\"contentUrl\":\"https:\\\/\\\/www.kiwanis.ch\\\/wp-content\\\/uploads\\\/2024\\\/11\\\/Ansprache-Regierungsratspraesident-FR_.jpg\",\"width\":1200,\"height\":900,\"caption\":\"Allocution du pr\u00e9sident du Conseil d'\u00c9tat FR\"},{\"@type\":\"BreadcrumbList\",\"@id\":\"https:\\\/\\\/www.kiwanis.ch\\\/fr\\\/la-joie-et-la-solidarite\\\/#breadcrumb\",\"itemListElement\":[{\"@type\":\"ListItem\",\"position\":1,\"name\":\"Startseite\",\"item\":\"https:\\\/\\\/www.kiwanis.ch\\\/fr\\\/\"},{\"@type\":\"ListItem\",\"position\":2,\"name\":\"La joie et la solidarit\u00e9\"}]},{\"@type\":\"WebSite\",\"@id\":\"https:\\\/\\\/www.kiwanis.ch\\\/fr\\\/#website\",\"url\":\"https:\\\/\\\/www.kiwanis.ch\\\/fr\\\/\",\"name\":\"Kiwanis International District Switzerland-Liechtenstein\",\"description\":\"\",\"potentialAction\":[{\"@type\":\"SearchAction\",\"target\":{\"@type\":\"EntryPoint\",\"urlTemplate\":\"https:\\\/\\\/www.kiwanis.ch\\\/fr\\\/?s={search_term_string}\"},\"query-input\":{\"@type\":\"PropertyValueSpecification\",\"valueRequired\":true,\"valueName\":\"search_term_string\"}}],\"inLanguage\":\"fr-FR\"},{\"@type\":\"Person\",\"@id\":\"https:\\\/\\\/www.kiwanis.ch\\\/fr\\\/#\\\/schema\\\/person\\\/32e076a576cc36b251d0d73060b06f13\",\"name\":\"Redaktion\"}]}<\/script>\n<!-- \/ Yoast SEO plugin. -->","yoast_head_json":{"title":"La joie et la solidarit\u00e9 - Kiwanis International District Switzerland-Liechtenstein","robots":{"index":"index","follow":"follow","max-snippet":"max-snippet:-1","max-image-preview":"max-image-preview:large","max-video-preview":"max-video-preview:-1"},"canonical":"https:\/\/www.kiwanis.ch\/fr\/la-joie-et-la-solidarite\/","og_locale":"fr_FR","og_type":"article","og_title":"La joie et la solidarit\u00e9 - Kiwanis International District Switzerland-Liechtenstein","og_description":"Le 16 novembre, la salle communale de Semsales a vibr\u00e9 au rythme des c\u00e9l\u00e9brations marquant le 20e anniversaire du KC De La Veveyse. Cette soir\u00e9e exceptionnelle a r\u00e9uni des personnalit\u00e9s politiques, des acteurs de la soci\u00e9t\u00e9 civile, ainsi que des b\u00e9n\u00e9voles et des sympathisants autour d\u2019une cause commune : le soutien \u00e0 l&rsquo;enfance. Le pr\u00e9sident [&hellip;]","og_url":"https:\/\/www.kiwanis.ch\/fr\/la-joie-et-la-solidarite\/","og_site_name":"Kiwanis International District Switzerland-Liechtenstein","article_published_time":"2024-12-26T09:00:00+00:00","og_image":[{"width":1200,"height":900,"url":"https:\/\/www.kiwanis.ch\/wp-content\/uploads\/2024\/11\/Ansprache-Regierungsratspraesident-FR_.jpg","type":"image\/jpeg"}],"author":"Redaktion","twitter_card":"summary_large_image","twitter_misc":{"\u00c9crit par":"Redaktion","Dur\u00e9e de lecture estim\u00e9e":"2 minutes"},"schema":{"@context":"https:\/\/schema.org","@graph":[{"@type":"Article","@id":"https:\/\/www.kiwanis.ch\/fr\/la-joie-et-la-solidarite\/#article","isPartOf":{"@id":"https:\/\/www.kiwanis.ch\/fr\/la-joie-et-la-solidarite\/"},"author":{"name":"Redaktion","@id":"https:\/\/www.kiwanis.ch\/fr\/#\/schema\/person\/32e076a576cc36b251d0d73060b06f13"},"headline":"La joie et la solidarit\u00e9","datePublished":"2024-12-26T09:00:00+00:00","mainEntityOfPage":{"@id":"https:\/\/www.kiwanis.ch\/fr\/la-joie-et-la-solidarite\/"},"wordCount":241,"image":{"@id":"https:\/\/www.kiwanis.ch\/fr\/la-joie-et-la-solidarite\/#primaryimage"},"thumbnailUrl":"https:\/\/www.kiwanis.ch\/wp-content\/uploads\/2024\/11\/Ansprache-Regierungsratspraesident-FR_.jpg","articleSection":["Clubleben"],"inLanguage":"fr-FR"},{"@type":"WebPage","@id":"https:\/\/www.kiwanis.ch\/fr\/la-joie-et-la-solidarite\/","url":"https:\/\/www.kiwanis.ch\/fr\/la-joie-et-la-solidarite\/","name":"La joie et la solidarit\u00e9 - Kiwanis International District Switzerland-Liechtenstein","isPartOf":{"@id":"https:\/\/www.kiwanis.ch\/fr\/#website"},"primaryImageOfPage":{"@id":"https:\/\/www.kiwanis.ch\/fr\/la-joie-et-la-solidarite\/#primaryimage"},"image":{"@id":"https:\/\/www.kiwanis.ch\/fr\/la-joie-et-la-solidarite\/#primaryimage"},"thumbnailUrl":"https:\/\/www.kiwanis.ch\/wp-content\/uploads\/2024\/11\/Ansprache-Regierungsratspraesident-FR_.jpg","datePublished":"2024-12-26T09:00:00+00:00","author":{"@id":"https:\/\/www.kiwanis.ch\/fr\/#\/schema\/person\/32e076a576cc36b251d0d73060b06f13"},"breadcrumb":{"@id":"https:\/\/www.kiwanis.ch\/fr\/la-joie-et-la-solidarite\/#breadcrumb"},"inLanguage":"fr-FR","potentialAction":[{"@type":"ReadAction","target":["https:\/\/www.kiwanis.ch\/fr\/la-joie-et-la-solidarite\/"]}]},{"@type":"ImageObject","inLanguage":"fr-FR","@id":"https:\/\/www.kiwanis.ch\/fr\/la-joie-et-la-solidarite\/#primaryimage","url":"https:\/\/www.kiwanis.ch\/wp-content\/uploads\/2024\/11\/Ansprache-Regierungsratspraesident-FR_.jpg","contentUrl":"https:\/\/www.kiwanis.ch\/wp-content\/uploads\/2024\/11\/Ansprache-Regierungsratspraesident-FR_.jpg","width":1200,"height":900,"caption":"Allocution du pr\u00e9sident du Conseil d'\u00c9tat FR"},{"@type":"BreadcrumbList","@id":"https:\/\/www.kiwanis.ch\/fr\/la-joie-et-la-solidarite\/#breadcrumb","itemListElement":[{"@type":"ListItem","position":1,"name":"Startseite","item":"https:\/\/www.kiwanis.ch\/fr\/"},{"@type":"ListItem","position":2,"name":"La joie et la solidarit\u00e9"}]},{"@type":"WebSite","@id":"https:\/\/www.kiwanis.ch\/fr\/#website","url":"https:\/\/www.kiwanis.ch\/fr\/","name":"Kiwanis International District Switzerland-Liechtenstein","description":"","potentialAction":[{"@type":"SearchAction","target":{"@type":"EntryPoint","urlTemplate":"https:\/\/www.kiwanis.ch\/fr\/?s={search_term_string}"},"query-input":{"@type":"PropertyValueSpecification","valueRequired":true,"valueName":"search_term_string"}}],"inLanguage":"fr-FR"},{"@type":"Person","@id":"https:\/\/www.kiwanis.ch\/fr\/#\/schema\/person\/32e076a576cc36b251d0d73060b06f13","name":"Redaktion"}]}},"_links":{"self":[{"href":"https:\/\/www.kiwanis.ch\/fr\/wp-json\/wp\/v2\/posts\/24601","targetHints":{"allow":["GET"]}}],"collection":[{"href":"https:\/\/www.kiwanis.ch\/fr\/wp-json\/wp\/v2\/posts"}],"about":[{"href":"https:\/\/www.kiwanis.ch\/fr\/wp-json\/wp\/v2\/types\/post"}],"author":[{"embeddable":true,"href":"https:\/\/www.kiwanis.ch\/fr\/wp-json\/wp\/v2\/users\/5"}],"replies":[{"embeddable":true,"href":"https:\/\/www.kiwanis.ch\/fr\/wp-json\/wp\/v2\/comments?post=24601"}],"version-history":[{"count":2,"href":"https:\/\/www.kiwanis.ch\/fr\/wp-json\/wp\/v2\/posts\/24601\/revisions"}],"predecessor-version":[{"id":24972,"href":"https:\/\/www.kiwanis.ch\/fr\/wp-json\/wp\/v2\/posts\/24601\/revisions\/24972"}],"wp:featuredmedia":[{"embeddable":true,"href":"https:\/\/www.kiwanis.ch\/fr\/wp-json\/wp\/v2\/media\/24553"}],"wp:attachment":[{"href":"https:\/\/www.kiwanis.ch\/fr\/wp-json\/wp\/v2\/media?parent=24601"}],"wp:term":[{"taxonomy":"category","embeddable":true,"href":"https:\/\/www.kiwanis.ch\/fr\/wp-json\/wp\/v2\/categories?post=24601"},{"taxonomy":"post_tag","embeddable":true,"href":"https:\/\/www.kiwanis.ch\/fr\/wp-json\/wp\/v2\/tags?post=24601"}],"curies":[{"name":"wp","href":"https:\/\/api.w.org\/{rel}","templated":true}]}}