{"id":22811,"date":"2024-11-18T10:00:00","date_gmt":"2024-11-18T09:00:00","guid":{"rendered":"https:\/\/www.kiwanis.ch\/?p=22811"},"modified":"2024-09-18T10:01:35","modified_gmt":"2024-09-18T08:01:35","slug":"31e-fete-campagnarde","status":"publish","type":"post","link":"https:\/\/www.kiwanis.ch\/fr\/31e-fete-campagnarde\/","title":{"rendered":"31e f\u00eate campagnarde"},"content":{"rendered":"<p style=\"text-align: justify;\">Ce premier dimanche de septembre, la cinquantaine de membres du KC Cossonay ont choy\u00e9 leurs 507 convives, r\u00e9unis pour la traditionnelle f\u00eate campagnarde, 31<sup>e<\/sup> du nom. Ils ont notamment pr\u00e9par\u00e9 et servi avec grand soin 120 kilos de r\u00f4ti et 60 kilos de jambon, accompagn\u00e9s de frites et haricots. Les invit\u00e9s ont profit\u00e9 du site de la cantine des Ages en b\u00e9n\u00e9ficiant d\u2019une superbe m\u00e9t\u00e9o \u2013 comme pour 29 autres \u00e9ditions pr\u00e9c\u00e9dentes\u00a0! \u2013 et d\u2019une belle chaleur qui r\u00e9chauffait encore plus les c\u0153urs.<\/p>\n<p style=\"text-align: justify;\">Pour cette ann\u00e9e le pr\u00e9sident Eric Baatard avait choisi comme action principale l\u2019association Metis\u2019Arte Decouvr\u2019arte qui a re\u00e7u avec beaucoup de reconnaissance un ch\u00e8que de 12&rsquo;000 francs. \u00a0Durant la petite partie officielle a \u00e9galement eu lieu la passation de pouvoirs au niveau du club, qui sera nouvellement pr\u00e9sid\u00e9 par Eddy Morel.<\/p>\n<p style=\"text-align: justify;\">Au-del\u00e0 de ces moments forts, les convives ont encore pu d\u00e9guster les desserts, gagner \u00e0 la tombola, qui offrait pour 9&rsquo;000 francs de lots, \u00e9couter l\u2019animation musicale, alors que les enfants se sont \u00e9clat\u00e9s dans le ch\u00e2teau gonflable ou la for\u00eat avoisinante. Sans aucun doute, cette f\u00eate campagnarde, principale source de revenus du club de Cossonay pour financer ses actions sociales, fut \u00e0 nouveau une parfaite r\u00e9ussite.<\/p>\n<p style=\"text-align: justify;\"><strong>AK Pierre-Alain Pingoud<\/strong><\/p>\n<div id='gallery-1' class='gallery galleryid-22811 gallery-columns-4 gallery-size-medium'><figure class='gallery-item'>\n\t\t\t<div class='gallery-icon landscape'>\n\t\t\t\t<a href='https:\/\/www.kiwanis.ch\/wp-content\/uploads\/2024\/11\/cossonay4.jpg'><img fetchpriority=\"high\" decoding=\"async\" width=\"300\" height=\"246\" src=\"https:\/\/www.kiwanis.ch\/wp-content\/uploads\/2024\/11\/cossonay4-300x246.jpg\" class=\"attachment-medium size-medium\" alt=\"Cossonay\" srcset=\"https:\/\/www.kiwanis.ch\/wp-content\/uploads\/2024\/11\/cossonay4-300x246.jpg 300w, https:\/\/www.kiwanis.ch\/wp-content\/uploads\/2024\/11\/cossonay4-1024x839.jpg 1024w, https:\/\/www.kiwanis.ch\/wp-content\/uploads\/2024\/11\/cossonay4-768x629.jpg 768w, https:\/\/www.kiwanis.ch\/wp-content\/uploads\/2024\/11\/cossonay4-1536x1258.jpg 1536w, https:\/\/www.kiwanis.ch\/wp-content\/uploads\/2024\/11\/cossonay4-600x491.jpg 600w, https:\/\/www.kiwanis.ch\/wp-content\/uploads\/2024\/11\/cossonay4.jpg 1763w\" sizes=\"(max-width: 300px) 100vw, 300px\" \/><\/a>\n\t\t\t<\/div><\/figure><figure class='gallery-item'>\n\t\t\t<div class='gallery-icon landscape'>\n\t\t\t\t<a href='https:\/\/www.kiwanis.ch\/wp-content\/uploads\/2024\/11\/cossonay2.jpg'><img decoding=\"async\" width=\"300\" height=\"210\" src=\"https:\/\/www.kiwanis.ch\/wp-content\/uploads\/2024\/11\/cossonay2-300x210.jpg\" class=\"attachment-medium size-medium\" alt=\"Cossonay\" srcset=\"https:\/\/www.kiwanis.ch\/wp-content\/uploads\/2024\/11\/cossonay2-300x210.jpg 300w, https:\/\/www.kiwanis.ch\/wp-content\/uploads\/2024\/11\/cossonay2-1024x717.jpg 1024w, https:\/\/www.kiwanis.ch\/wp-content\/uploads\/2024\/11\/cossonay2-768x538.jpg 768w, https:\/\/www.kiwanis.ch\/wp-content\/uploads\/2024\/11\/cossonay2-1536x1076.jpg 1536w, https:\/\/www.kiwanis.ch\/wp-content\/uploads\/2024\/11\/cossonay2-600x420.jpg 600w, https:\/\/www.kiwanis.ch\/wp-content\/uploads\/2024\/11\/cossonay2.jpg 1962w\" sizes=\"(max-width: 300px) 100vw, 300px\" \/><\/a>\n\t\t\t<\/div><\/figure><figure class='gallery-item'>\n\t\t\t<div class='gallery-icon landscape'>\n\t\t\t\t<a href='https:\/\/www.kiwanis.ch\/wp-content\/uploads\/2024\/11\/cossonay3.jpg'><img decoding=\"async\" width=\"300\" height=\"167\" src=\"https:\/\/www.kiwanis.ch\/wp-content\/uploads\/2024\/11\/cossonay3-300x167.jpg\" class=\"attachment-medium size-medium\" alt=\"Cossonay\" srcset=\"https:\/\/www.kiwanis.ch\/wp-content\/uploads\/2024\/11\/cossonay3-300x167.jpg 300w, https:\/\/www.kiwanis.ch\/wp-content\/uploads\/2024\/11\/cossonay3-1024x571.jpg 1024w, https:\/\/www.kiwanis.ch\/wp-content\/uploads\/2024\/11\/cossonay3-768x428.jpg 768w, https:\/\/www.kiwanis.ch\/wp-content\/uploads\/2024\/11\/cossonay3-1536x856.jpg 1536w, https:\/\/www.kiwanis.ch\/wp-content\/uploads\/2024\/11\/cossonay3-2048x1141.jpg 2048w, https:\/\/www.kiwanis.ch\/wp-content\/uploads\/2024\/11\/cossonay3-150x85.jpg 150w, https:\/\/www.kiwanis.ch\/wp-content\/uploads\/2024\/11\/cossonay3-1170x650.jpg 1170w, https:\/\/www.kiwanis.ch\/wp-content\/uploads\/2024\/11\/cossonay3-600x334.jpg 600w\" sizes=\"(max-width: 300px) 100vw, 300px\" \/><\/a>\n\t\t\t<\/div><\/figure><figure class='gallery-item'>\n\t\t\t<div class='gallery-icon landscape'>\n\t\t\t\t<a href='https:\/\/www.kiwanis.ch\/wp-content\/uploads\/2024\/11\/cossonay1.jpg'><img loading=\"lazy\" decoding=\"async\" width=\"300\" height=\"229\" src=\"https:\/\/www.kiwanis.ch\/wp-content\/uploads\/2024\/11\/cossonay1-300x229.jpg\" class=\"attachment-medium size-medium\" alt=\"Cossonay\" srcset=\"https:\/\/www.kiwanis.ch\/wp-content\/uploads\/2024\/11\/cossonay1-300x229.jpg 300w, https:\/\/www.kiwanis.ch\/wp-content\/uploads\/2024\/11\/cossonay1-1024x783.jpg 1024w, https:\/\/www.kiwanis.ch\/wp-content\/uploads\/2024\/11\/cossonay1-768x587.jpg 768w, https:\/\/www.kiwanis.ch\/wp-content\/uploads\/2024\/11\/cossonay1-1536x1175.jpg 1536w, https:\/\/www.kiwanis.ch\/wp-content\/uploads\/2024\/11\/cossonay1-2048x1566.jpg 2048w, https:\/\/www.kiwanis.ch\/wp-content\/uploads\/2024\/11\/cossonay1-600x459.jpg 600w\" sizes=\"(max-width: 300px) 100vw, 300px\" \/><\/a>\n\t\t\t<\/div><\/figure>\n\t\t<\/div>\n\n<p>&nbsp;<\/p>\n","protected":false},"excerpt":{"rendered":"<p>Ce premier dimanche de septembre, la cinquantaine de membres du KC Cossonay ont choy\u00e9 leurs 507 convives, r\u00e9unis pour la traditionnelle f\u00eate campagnarde, 31e du nom. Ils ont notamment pr\u00e9par\u00e9 et servi avec grand soin 120 kilos de r\u00f4ti et 60 kilos de jambon, accompagn\u00e9s de frites et haricots. Les invit\u00e9s ont profit\u00e9 du site [&hellip;]<\/p>\n","protected":false},"author":5,"featured_media":22813,"comment_status":"closed","ping_status":"closed","sticky":false,"template":"","format":"standard","meta":{"footnotes":""},"categories":[76,89,39],"tags":[],"class_list":["post-22811","post","type-post","status-publish","format-standard","has-post-thumbnail","hentry","category-charity-2","category-clubleben-2","category-engagement-fr"],"yoast_head":"<!-- This site is optimized with the Yoast SEO plugin v28.4 - https:\/\/yoast.com\/product\/yoast-seo-wordpress\/ -->\n<title>31e f\u00eate campagnarde - Kiwanis International District Switzerland-Liechtenstein<\/title>\n<meta name=\"robots\" content=\"index, follow, max-snippet:-1, max-image-preview:large, max-video-preview:-1\" \/>\n<link rel=\"canonical\" href=\"https:\/\/www.kiwanis.ch\/fr\/31e-fete-campagnarde\/\" \/>\n<meta property=\"og:locale\" content=\"fr_FR\" \/>\n<meta property=\"og:type\" content=\"article\" \/>\n<meta property=\"og:title\" content=\"31e f\u00eate campagnarde - Kiwanis International District Switzerland-Liechtenstein\" \/>\n<meta property=\"og:description\" content=\"Ce premier dimanche de septembre, la cinquantaine de membres du KC Cossonay ont choy\u00e9 leurs 507 convives, r\u00e9unis pour la traditionnelle f\u00eate campagnarde, 31e du nom. Ils ont notamment pr\u00e9par\u00e9 et servi avec grand soin 120 kilos de r\u00f4ti et 60 kilos de jambon, accompagn\u00e9s de frites et haricots. Les invit\u00e9s ont profit\u00e9 du site [&hellip;]\" \/>\n<meta property=\"og:url\" content=\"https:\/\/www.kiwanis.ch\/fr\/31e-fete-campagnarde\/\" \/>\n<meta property=\"og:site_name\" content=\"Kiwanis International District Switzerland-Liechtenstein\" \/>\n<meta property=\"article:published_time\" content=\"2024-11-18T09:00:00+00:00\" \/>\n<meta property=\"og:image\" content=\"https:\/\/www.kiwanis.ch\/wp-content\/uploads\/2024\/09\/cossonay.jpg\" \/>\n\t<meta property=\"og:image:width\" content=\"2287\" \/>\n\t<meta property=\"og:image:height\" content=\"1581\" \/>\n\t<meta property=\"og:image:type\" content=\"image\/jpeg\" \/>\n<meta name=\"author\" content=\"Redaktion\" \/>\n<meta name=\"twitter:card\" content=\"summary_large_image\" \/>\n<meta name=\"twitter:label1\" content=\"\u00c9crit par\" \/>\n\t<meta name=\"twitter:data1\" content=\"Redaktion\" \/>\n\t<meta name=\"twitter:label2\" content=\"Dur\u00e9e de lecture estim\u00e9e\" \/>\n\t<meta name=\"twitter:data2\" content=\"2 minutes\" \/>\n<script type=\"application\/ld+json\" class=\"yoast-schema-graph\">{\"@context\":\"https:\\\/\\\/schema.org\",\"@graph\":[{\"@type\":\"Article\",\"@id\":\"https:\\\/\\\/www.kiwanis.ch\\\/fr\\\/31e-fete-campagnarde\\\/#article\",\"isPartOf\":{\"@id\":\"https:\\\/\\\/www.kiwanis.ch\\\/fr\\\/31e-fete-campagnarde\\\/\"},\"author\":{\"name\":\"Redaktion\",\"@id\":\"https:\\\/\\\/www.kiwanis.ch\\\/fr\\\/#\\\/schema\\\/person\\\/32e076a576cc36b251d0d73060b06f13\"},\"headline\":\"31e f\u00eate campagnarde\",\"datePublished\":\"2024-11-18T09:00:00+00:00\",\"mainEntityOfPage\":{\"@id\":\"https:\\\/\\\/www.kiwanis.ch\\\/fr\\\/31e-fete-campagnarde\\\/\"},\"wordCount\":237,\"image\":{\"@id\":\"https:\\\/\\\/www.kiwanis.ch\\\/fr\\\/31e-fete-campagnarde\\\/#primaryimage\"},\"thumbnailUrl\":\"https:\\\/\\\/www.kiwanis.ch\\\/wp-content\\\/uploads\\\/2024\\\/09\\\/cossonay.jpg\",\"articleSection\":[\"Charity\",\"Clubleben\",\"Engagement\"],\"inLanguage\":\"fr-FR\"},{\"@type\":\"WebPage\",\"@id\":\"https:\\\/\\\/www.kiwanis.ch\\\/fr\\\/31e-fete-campagnarde\\\/\",\"url\":\"https:\\\/\\\/www.kiwanis.ch\\\/fr\\\/31e-fete-campagnarde\\\/\",\"name\":\"31e f\u00eate campagnarde - Kiwanis International District Switzerland-Liechtenstein\",\"isPartOf\":{\"@id\":\"https:\\\/\\\/www.kiwanis.ch\\\/fr\\\/#website\"},\"primaryImageOfPage\":{\"@id\":\"https:\\\/\\\/www.kiwanis.ch\\\/fr\\\/31e-fete-campagnarde\\\/#primaryimage\"},\"image\":{\"@id\":\"https:\\\/\\\/www.kiwanis.ch\\\/fr\\\/31e-fete-campagnarde\\\/#primaryimage\"},\"thumbnailUrl\":\"https:\\\/\\\/www.kiwanis.ch\\\/wp-content\\\/uploads\\\/2024\\\/09\\\/cossonay.jpg\",\"datePublished\":\"2024-11-18T09:00:00+00:00\",\"author\":{\"@id\":\"https:\\\/\\\/www.kiwanis.ch\\\/fr\\\/#\\\/schema\\\/person\\\/32e076a576cc36b251d0d73060b06f13\"},\"breadcrumb\":{\"@id\":\"https:\\\/\\\/www.kiwanis.ch\\\/fr\\\/31e-fete-campagnarde\\\/#breadcrumb\"},\"inLanguage\":\"fr-FR\",\"potentialAction\":[{\"@type\":\"ReadAction\",\"target\":[\"https:\\\/\\\/www.kiwanis.ch\\\/fr\\\/31e-fete-campagnarde\\\/\"]}]},{\"@type\":\"ImageObject\",\"inLanguage\":\"fr-FR\",\"@id\":\"https:\\\/\\\/www.kiwanis.ch\\\/fr\\\/31e-fete-campagnarde\\\/#primaryimage\",\"url\":\"https:\\\/\\\/www.kiwanis.ch\\\/wp-content\\\/uploads\\\/2024\\\/09\\\/cossonay.jpg\",\"contentUrl\":\"https:\\\/\\\/www.kiwanis.ch\\\/wp-content\\\/uploads\\\/2024\\\/09\\\/cossonay.jpg\",\"width\":2287,\"height\":1581},{\"@type\":\"BreadcrumbList\",\"@id\":\"https:\\\/\\\/www.kiwanis.ch\\\/fr\\\/31e-fete-campagnarde\\\/#breadcrumb\",\"itemListElement\":[{\"@type\":\"ListItem\",\"position\":1,\"name\":\"Startseite\",\"item\":\"https:\\\/\\\/www.kiwanis.ch\\\/fr\\\/\"},{\"@type\":\"ListItem\",\"position\":2,\"name\":\"31e f\u00eate campagnarde\"}]},{\"@type\":\"WebSite\",\"@id\":\"https:\\\/\\\/www.kiwanis.ch\\\/fr\\\/#website\",\"url\":\"https:\\\/\\\/www.kiwanis.ch\\\/fr\\\/\",\"name\":\"Kiwanis International District Switzerland-Liechtenstein\",\"description\":\"\",\"potentialAction\":[{\"@type\":\"SearchAction\",\"target\":{\"@type\":\"EntryPoint\",\"urlTemplate\":\"https:\\\/\\\/www.kiwanis.ch\\\/fr\\\/?s={search_term_string}\"},\"query-input\":{\"@type\":\"PropertyValueSpecification\",\"valueRequired\":true,\"valueName\":\"search_term_string\"}}],\"inLanguage\":\"fr-FR\"},{\"@type\":\"Person\",\"@id\":\"https:\\\/\\\/www.kiwanis.ch\\\/fr\\\/#\\\/schema\\\/person\\\/32e076a576cc36b251d0d73060b06f13\",\"name\":\"Redaktion\"}]}<\/script>\n<!-- \/ Yoast SEO plugin. -->","yoast_head_json":{"title":"31e f\u00eate campagnarde - Kiwanis International District Switzerland-Liechtenstein","robots":{"index":"index","follow":"follow","max-snippet":"max-snippet:-1","max-image-preview":"max-image-preview:large","max-video-preview":"max-video-preview:-1"},"canonical":"https:\/\/www.kiwanis.ch\/fr\/31e-fete-campagnarde\/","og_locale":"fr_FR","og_type":"article","og_title":"31e f\u00eate campagnarde - Kiwanis International District Switzerland-Liechtenstein","og_description":"Ce premier dimanche de septembre, la cinquantaine de membres du KC Cossonay ont choy\u00e9 leurs 507 convives, r\u00e9unis pour la traditionnelle f\u00eate campagnarde, 31e du nom. Ils ont notamment pr\u00e9par\u00e9 et servi avec grand soin 120 kilos de r\u00f4ti et 60 kilos de jambon, accompagn\u00e9s de frites et haricots. Les invit\u00e9s ont profit\u00e9 du site [&hellip;]","og_url":"https:\/\/www.kiwanis.ch\/fr\/31e-fete-campagnarde\/","og_site_name":"Kiwanis International District Switzerland-Liechtenstein","article_published_time":"2024-11-18T09:00:00+00:00","og_image":[{"width":2287,"height":1581,"url":"https:\/\/www.kiwanis.ch\/wp-content\/uploads\/2024\/09\/cossonay.jpg","type":"image\/jpeg"}],"author":"Redaktion","twitter_card":"summary_large_image","twitter_misc":{"\u00c9crit par":"Redaktion","Dur\u00e9e de lecture estim\u00e9e":"2 minutes"},"schema":{"@context":"https:\/\/schema.org","@graph":[{"@type":"Article","@id":"https:\/\/www.kiwanis.ch\/fr\/31e-fete-campagnarde\/#article","isPartOf":{"@id":"https:\/\/www.kiwanis.ch\/fr\/31e-fete-campagnarde\/"},"author":{"name":"Redaktion","@id":"https:\/\/www.kiwanis.ch\/fr\/#\/schema\/person\/32e076a576cc36b251d0d73060b06f13"},"headline":"31e f\u00eate campagnarde","datePublished":"2024-11-18T09:00:00+00:00","mainEntityOfPage":{"@id":"https:\/\/www.kiwanis.ch\/fr\/31e-fete-campagnarde\/"},"wordCount":237,"image":{"@id":"https:\/\/www.kiwanis.ch\/fr\/31e-fete-campagnarde\/#primaryimage"},"thumbnailUrl":"https:\/\/www.kiwanis.ch\/wp-content\/uploads\/2024\/09\/cossonay.jpg","articleSection":["Charity","Clubleben","Engagement"],"inLanguage":"fr-FR"},{"@type":"WebPage","@id":"https:\/\/www.kiwanis.ch\/fr\/31e-fete-campagnarde\/","url":"https:\/\/www.kiwanis.ch\/fr\/31e-fete-campagnarde\/","name":"31e f\u00eate campagnarde - Kiwanis International District Switzerland-Liechtenstein","isPartOf":{"@id":"https:\/\/www.kiwanis.ch\/fr\/#website"},"primaryImageOfPage":{"@id":"https:\/\/www.kiwanis.ch\/fr\/31e-fete-campagnarde\/#primaryimage"},"image":{"@id":"https:\/\/www.kiwanis.ch\/fr\/31e-fete-campagnarde\/#primaryimage"},"thumbnailUrl":"https:\/\/www.kiwanis.ch\/wp-content\/uploads\/2024\/09\/cossonay.jpg","datePublished":"2024-11-18T09:00:00+00:00","author":{"@id":"https:\/\/www.kiwanis.ch\/fr\/#\/schema\/person\/32e076a576cc36b251d0d73060b06f13"},"breadcrumb":{"@id":"https:\/\/www.kiwanis.ch\/fr\/31e-fete-campagnarde\/#breadcrumb"},"inLanguage":"fr-FR","potentialAction":[{"@type":"ReadAction","target":["https:\/\/www.kiwanis.ch\/fr\/31e-fete-campagnarde\/"]}]},{"@type":"ImageObject","inLanguage":"fr-FR","@id":"https:\/\/www.kiwanis.ch\/fr\/31e-fete-campagnarde\/#primaryimage","url":"https:\/\/www.kiwanis.ch\/wp-content\/uploads\/2024\/09\/cossonay.jpg","contentUrl":"https:\/\/www.kiwanis.ch\/wp-content\/uploads\/2024\/09\/cossonay.jpg","width":2287,"height":1581},{"@type":"BreadcrumbList","@id":"https:\/\/www.kiwanis.ch\/fr\/31e-fete-campagnarde\/#breadcrumb","itemListElement":[{"@type":"ListItem","position":1,"name":"Startseite","item":"https:\/\/www.kiwanis.ch\/fr\/"},{"@type":"ListItem","position":2,"name":"31e f\u00eate campagnarde"}]},{"@type":"WebSite","@id":"https:\/\/www.kiwanis.ch\/fr\/#website","url":"https:\/\/www.kiwanis.ch\/fr\/","name":"Kiwanis International District Switzerland-Liechtenstein","description":"","potentialAction":[{"@type":"SearchAction","target":{"@type":"EntryPoint","urlTemplate":"https:\/\/www.kiwanis.ch\/fr\/?s={search_term_string}"},"query-input":{"@type":"PropertyValueSpecification","valueRequired":true,"valueName":"search_term_string"}}],"inLanguage":"fr-FR"},{"@type":"Person","@id":"https:\/\/www.kiwanis.ch\/fr\/#\/schema\/person\/32e076a576cc36b251d0d73060b06f13","name":"Redaktion"}]}},"_links":{"self":[{"href":"https:\/\/www.kiwanis.ch\/fr\/wp-json\/wp\/v2\/posts\/22811","targetHints":{"allow":["GET"]}}],"collection":[{"href":"https:\/\/www.kiwanis.ch\/fr\/wp-json\/wp\/v2\/posts"}],"about":[{"href":"https:\/\/www.kiwanis.ch\/fr\/wp-json\/wp\/v2\/types\/post"}],"author":[{"embeddable":true,"href":"https:\/\/www.kiwanis.ch\/fr\/wp-json\/wp\/v2\/users\/5"}],"replies":[{"embeddable":true,"href":"https:\/\/www.kiwanis.ch\/fr\/wp-json\/wp\/v2\/comments?post=22811"}],"version-history":[{"count":3,"href":"https:\/\/www.kiwanis.ch\/fr\/wp-json\/wp\/v2\/posts\/22811\/revisions"}],"predecessor-version":[{"id":22852,"href":"https:\/\/www.kiwanis.ch\/fr\/wp-json\/wp\/v2\/posts\/22811\/revisions\/22852"}],"wp:featuredmedia":[{"embeddable":true,"href":"https:\/\/www.kiwanis.ch\/fr\/wp-json\/wp\/v2\/media\/22813"}],"wp:attachment":[{"href":"https:\/\/www.kiwanis.ch\/fr\/wp-json\/wp\/v2\/media?parent=22811"}],"wp:term":[{"taxonomy":"category","embeddable":true,"href":"https:\/\/www.kiwanis.ch\/fr\/wp-json\/wp\/v2\/categories?post=22811"},{"taxonomy":"post_tag","embeddable":true,"href":"https:\/\/www.kiwanis.ch\/fr\/wp-json\/wp\/v2\/tags?post=22811"}],"curies":[{"name":"wp","href":"https:\/\/api.w.org\/{rel}","templated":true}]}}