{"id":20547,"date":"2024-07-16T10:00:00","date_gmt":"2024-07-16T08:00:00","guid":{"rendered":"https:\/\/www.kiwanis.ch\/?p=20547"},"modified":"2024-05-27T09:19:31","modified_gmt":"2024-05-27T07:19:31","slug":"fusion","status":"publish","type":"post","link":"https:\/\/www.kiwanis.ch\/fr\/fusion\/","title":{"rendered":"Fusion"},"content":{"rendered":"<p style=\"margin-left: 0cm; text-align: justify;\"><strong>En Suisse, ce sont habituellement des communes ou des entreprises qui fusionnent. Mais des Kiwanis Clubs\u00a0? C\u2019est n\u00e9anmoins exactement cela qui s\u2019est pass\u00e9\u00a0: du KC Basel-Birseck et du Basel-Wartenberg est n\u00e9 le KC Basel City.<\/strong><\/p>\n<p style=\"margin-left: 0cm; text-align: justify;\">De deux devient un. Ce qui para\u00eet si simple est un v\u00e9ritable d\u00e9fi. Ce sont en tout cas plus de 400 nouvelles que Udo Spornitz a re\u00e7ues et envoy\u00e9es par e-mail, s\u2019y sont ajout\u00e9es de nombreuses conversations t\u00e9l\u00e9phoniques et des douzaines de discussions, et tout cela dans une p\u00e9riode de huit mois. Il a fallu si longtemps en effet depuis les premiers contacts concrets sur l\u2019id\u00e9e d\u2019une fusion jusqu\u2019\u00e0 l\u2019assembl\u00e9e g\u00e9n\u00e9rale constitutive qui a eu lieu \u00e0 mi-avril.<\/p>\n<p style=\"margin-left: 0cm; text-align: justify;\">Udo parle n\u00e9anmoins d\u2019un d\u00e9roulement sans heurts, d\u2019une corde \u00e0 laquelle tous ont tir\u00e9. Mais cela n\u2019est vraiment pas si \u00e9vident, finalement il n\u2019y avait jamais eu ici quelque chose de semblable\u00a0: deux Clubs se r\u00e9unissant en un seul en raison d\u2019une diminution des membres et d\u2019un manque de rajeunissement. Il devenait ainsi par exemple toujours plus difficile de trouver des orateurs de haut niveau.<\/p>\n<p style=\"margin-left: 0cm; text-align: justify;\">Udo, pr\u00e9sident du KC Basel-Wartenberg, a tir\u00e9 les fils avec Cornel Prinz, pr\u00e9sident du KC Basel-Birseck, et lanc\u00e9 la fusion par des entretiens rapidement men\u00e9s. Thomas G\u00fcbeli, en tant que Chair Membership Development, fut \u00e0 leur c\u00f4t\u00e9 en les conseillant sur la partie proc\u00e9durale de la fusion. Il voit dans des fusions beaucoup de potentiel pour des Clubs ayant les m\u00eames soucis.<\/p>\n<p style=\"margin-left: 0cm; text-align: justify;\">Dans la recherche d\u2019un Club de la r\u00e9gion entrant en ligne de compte pour une fusion, le jour et l\u2019heure des rencontres furent des points importants. En cas d&rsquo;inad\u00e9quation, il aurait \u00e9t\u00e9 difficile, voire impossible, de parvenir \u00e0 un accord. \u00ab\u00a0Je crois qu\u2019avec cette solution tout le monde est d\u2019accord\u00a0\u00bb, dit Udo\u00a0; \u00ab\u00a0cela n\u2019aurait pas pu \u00eatre mieux.\u00a0\u00bb Udo et Cornel dirigent maintenant le Club en tant que co-pr\u00e9sidents.<\/p>\n<p style=\"margin-left: 0cm; text-align: justify;\">Mais cette fusion n\u2019est qu\u2019une \u00e9tape sur le chemin d\u2019un avenir durable. Cela signifie que maintenant la prochaine grande t\u00e2che est \u00e0 la porte\u00a0: chercher et accueillir de nouveaux et jeunes membres. Un groupe de travail est dans les starting-blocks dans ce but.<\/p>\n<p style=\"margin-left: 0cm; text-align: justify;\"><strong>KF Lucas Huber | Traduction\u00a0: AK Philippe Clemmer<\/strong><\/p>\n","protected":false},"excerpt":{"rendered":"<p>En Suisse, ce sont habituellement des communes ou des entreprises qui fusionnent. Mais des Kiwanis Clubs\u00a0? C\u2019est n\u00e9anmoins exactement cela qui s\u2019est pass\u00e9\u00a0: du KC Basel-Birseck et du Basel-Wartenberg est n\u00e9 le KC Basel City. De deux devient un. Ce qui para\u00eet si simple est un v\u00e9ritable d\u00e9fi. Ce sont en tout cas plus de [&hellip;]<\/p>\n","protected":false},"author":5,"featured_media":20551,"comment_status":"closed","ping_status":"closed","sticky":false,"template":"","format":"standard","meta":{"footnotes":""},"categories":[89,41],"tags":[],"class_list":["post-20547","post","type-post","status-publish","format-standard","has-post-thumbnail","hentry","category-clubleben-2","category-distrikt-fr"],"yoast_head":"<!-- This site is optimized with the Yoast SEO plugin v28.4 - https:\/\/yoast.com\/product\/yoast-seo-wordpress\/ -->\n<title>Fusion - Kiwanis International District Switzerland-Liechtenstein<\/title>\n<meta name=\"robots\" content=\"index, follow, max-snippet:-1, max-image-preview:large, max-video-preview:-1\" \/>\n<link rel=\"canonical\" href=\"https:\/\/www.kiwanis.ch\/fr\/fusion\/\" \/>\n<meta property=\"og:locale\" content=\"fr_FR\" \/>\n<meta property=\"og:type\" content=\"article\" \/>\n<meta property=\"og:title\" content=\"Fusion - Kiwanis International District Switzerland-Liechtenstein\" \/>\n<meta property=\"og:description\" content=\"En Suisse, ce sont habituellement des communes ou des entreprises qui fusionnent. Mais des Kiwanis Clubs\u00a0? C\u2019est n\u00e9anmoins exactement cela qui s\u2019est pass\u00e9\u00a0: du KC Basel-Birseck et du Basel-Wartenberg est n\u00e9 le KC Basel City. De deux devient un. Ce qui para\u00eet si simple est un v\u00e9ritable d\u00e9fi. Ce sont en tout cas plus de [&hellip;]\" \/>\n<meta property=\"og:url\" content=\"https:\/\/www.kiwanis.ch\/fr\/fusion\/\" \/>\n<meta property=\"og:site_name\" content=\"Kiwanis International District Switzerland-Liechtenstein\" \/>\n<meta property=\"article:published_time\" content=\"2024-07-16T08:00:00+00:00\" \/>\n<meta property=\"og:image\" content=\"https:\/\/www.kiwanis.ch\/wp-content\/uploads\/2024\/05\/basel-city.jpg\" \/>\n\t<meta property=\"og:image:width\" content=\"1280\" \/>\n\t<meta property=\"og:image:height\" content=\"894\" \/>\n\t<meta property=\"og:image:type\" content=\"image\/jpeg\" \/>\n<meta name=\"author\" content=\"Redaktion\" \/>\n<meta name=\"twitter:card\" content=\"summary_large_image\" \/>\n<meta name=\"twitter:label1\" content=\"\u00c9crit par\" \/>\n\t<meta name=\"twitter:data1\" content=\"Redaktion\" \/>\n\t<meta name=\"twitter:label2\" content=\"Dur\u00e9e de lecture estim\u00e9e\" \/>\n\t<meta name=\"twitter:data2\" content=\"3 minutes\" \/>\n<script type=\"application\/ld+json\" class=\"yoast-schema-graph\">{\"@context\":\"https:\\\/\\\/schema.org\",\"@graph\":[{\"@type\":\"Article\",\"@id\":\"https:\\\/\\\/www.kiwanis.ch\\\/fr\\\/fusion\\\/#article\",\"isPartOf\":{\"@id\":\"https:\\\/\\\/www.kiwanis.ch\\\/fr\\\/fusion\\\/\"},\"author\":{\"name\":\"Redaktion\",\"@id\":\"https:\\\/\\\/www.kiwanis.ch\\\/fr\\\/#\\\/schema\\\/person\\\/32e076a576cc36b251d0d73060b06f13\"},\"headline\":\"Fusion\",\"datePublished\":\"2024-07-16T08:00:00+00:00\",\"mainEntityOfPage\":{\"@id\":\"https:\\\/\\\/www.kiwanis.ch\\\/fr\\\/fusion\\\/\"},\"wordCount\":403,\"image\":{\"@id\":\"https:\\\/\\\/www.kiwanis.ch\\\/fr\\\/fusion\\\/#primaryimage\"},\"thumbnailUrl\":\"https:\\\/\\\/www.kiwanis.ch\\\/wp-content\\\/uploads\\\/2024\\\/05\\\/basel-city.jpg\",\"articleSection\":[\"Clubleben\",\"Distrikt\"],\"inLanguage\":\"fr-FR\"},{\"@type\":\"WebPage\",\"@id\":\"https:\\\/\\\/www.kiwanis.ch\\\/fr\\\/fusion\\\/\",\"url\":\"https:\\\/\\\/www.kiwanis.ch\\\/fr\\\/fusion\\\/\",\"name\":\"Fusion - Kiwanis International District Switzerland-Liechtenstein\",\"isPartOf\":{\"@id\":\"https:\\\/\\\/www.kiwanis.ch\\\/fr\\\/#website\"},\"primaryImageOfPage\":{\"@id\":\"https:\\\/\\\/www.kiwanis.ch\\\/fr\\\/fusion\\\/#primaryimage\"},\"image\":{\"@id\":\"https:\\\/\\\/www.kiwanis.ch\\\/fr\\\/fusion\\\/#primaryimage\"},\"thumbnailUrl\":\"https:\\\/\\\/www.kiwanis.ch\\\/wp-content\\\/uploads\\\/2024\\\/05\\\/basel-city.jpg\",\"datePublished\":\"2024-07-16T08:00:00+00:00\",\"author\":{\"@id\":\"https:\\\/\\\/www.kiwanis.ch\\\/fr\\\/#\\\/schema\\\/person\\\/32e076a576cc36b251d0d73060b06f13\"},\"breadcrumb\":{\"@id\":\"https:\\\/\\\/www.kiwanis.ch\\\/fr\\\/fusion\\\/#breadcrumb\"},\"inLanguage\":\"fr-FR\",\"potentialAction\":[{\"@type\":\"ReadAction\",\"target\":[\"https:\\\/\\\/www.kiwanis.ch\\\/fr\\\/fusion\\\/\"]}]},{\"@type\":\"ImageObject\",\"inLanguage\":\"fr-FR\",\"@id\":\"https:\\\/\\\/www.kiwanis.ch\\\/fr\\\/fusion\\\/#primaryimage\",\"url\":\"https:\\\/\\\/www.kiwanis.ch\\\/wp-content\\\/uploads\\\/2024\\\/05\\\/basel-city.jpg\",\"contentUrl\":\"https:\\\/\\\/www.kiwanis.ch\\\/wp-content\\\/uploads\\\/2024\\\/05\\\/basel-city.jpg\",\"width\":1280,\"height\":894},{\"@type\":\"BreadcrumbList\",\"@id\":\"https:\\\/\\\/www.kiwanis.ch\\\/fr\\\/fusion\\\/#breadcrumb\",\"itemListElement\":[{\"@type\":\"ListItem\",\"position\":1,\"name\":\"Startseite\",\"item\":\"https:\\\/\\\/www.kiwanis.ch\\\/fr\\\/\"},{\"@type\":\"ListItem\",\"position\":2,\"name\":\"Fusion\"}]},{\"@type\":\"WebSite\",\"@id\":\"https:\\\/\\\/www.kiwanis.ch\\\/fr\\\/#website\",\"url\":\"https:\\\/\\\/www.kiwanis.ch\\\/fr\\\/\",\"name\":\"Kiwanis International District Switzerland-Liechtenstein\",\"description\":\"\",\"potentialAction\":[{\"@type\":\"SearchAction\",\"target\":{\"@type\":\"EntryPoint\",\"urlTemplate\":\"https:\\\/\\\/www.kiwanis.ch\\\/fr\\\/?s={search_term_string}\"},\"query-input\":{\"@type\":\"PropertyValueSpecification\",\"valueRequired\":true,\"valueName\":\"search_term_string\"}}],\"inLanguage\":\"fr-FR\"},{\"@type\":\"Person\",\"@id\":\"https:\\\/\\\/www.kiwanis.ch\\\/fr\\\/#\\\/schema\\\/person\\\/32e076a576cc36b251d0d73060b06f13\",\"name\":\"Redaktion\"}]}<\/script>\n<!-- \/ Yoast SEO plugin. -->","yoast_head_json":{"title":"Fusion - Kiwanis International District Switzerland-Liechtenstein","robots":{"index":"index","follow":"follow","max-snippet":"max-snippet:-1","max-image-preview":"max-image-preview:large","max-video-preview":"max-video-preview:-1"},"canonical":"https:\/\/www.kiwanis.ch\/fr\/fusion\/","og_locale":"fr_FR","og_type":"article","og_title":"Fusion - Kiwanis International District Switzerland-Liechtenstein","og_description":"En Suisse, ce sont habituellement des communes ou des entreprises qui fusionnent. Mais des Kiwanis Clubs\u00a0? C\u2019est n\u00e9anmoins exactement cela qui s\u2019est pass\u00e9\u00a0: du KC Basel-Birseck et du Basel-Wartenberg est n\u00e9 le KC Basel City. De deux devient un. Ce qui para\u00eet si simple est un v\u00e9ritable d\u00e9fi. Ce sont en tout cas plus de [&hellip;]","og_url":"https:\/\/www.kiwanis.ch\/fr\/fusion\/","og_site_name":"Kiwanis International District Switzerland-Liechtenstein","article_published_time":"2024-07-16T08:00:00+00:00","og_image":[{"width":1280,"height":894,"url":"https:\/\/www.kiwanis.ch\/wp-content\/uploads\/2024\/05\/basel-city.jpg","type":"image\/jpeg"}],"author":"Redaktion","twitter_card":"summary_large_image","twitter_misc":{"\u00c9crit par":"Redaktion","Dur\u00e9e de lecture estim\u00e9e":"3 minutes"},"schema":{"@context":"https:\/\/schema.org","@graph":[{"@type":"Article","@id":"https:\/\/www.kiwanis.ch\/fr\/fusion\/#article","isPartOf":{"@id":"https:\/\/www.kiwanis.ch\/fr\/fusion\/"},"author":{"name":"Redaktion","@id":"https:\/\/www.kiwanis.ch\/fr\/#\/schema\/person\/32e076a576cc36b251d0d73060b06f13"},"headline":"Fusion","datePublished":"2024-07-16T08:00:00+00:00","mainEntityOfPage":{"@id":"https:\/\/www.kiwanis.ch\/fr\/fusion\/"},"wordCount":403,"image":{"@id":"https:\/\/www.kiwanis.ch\/fr\/fusion\/#primaryimage"},"thumbnailUrl":"https:\/\/www.kiwanis.ch\/wp-content\/uploads\/2024\/05\/basel-city.jpg","articleSection":["Clubleben","Distrikt"],"inLanguage":"fr-FR"},{"@type":"WebPage","@id":"https:\/\/www.kiwanis.ch\/fr\/fusion\/","url":"https:\/\/www.kiwanis.ch\/fr\/fusion\/","name":"Fusion - Kiwanis International District Switzerland-Liechtenstein","isPartOf":{"@id":"https:\/\/www.kiwanis.ch\/fr\/#website"},"primaryImageOfPage":{"@id":"https:\/\/www.kiwanis.ch\/fr\/fusion\/#primaryimage"},"image":{"@id":"https:\/\/www.kiwanis.ch\/fr\/fusion\/#primaryimage"},"thumbnailUrl":"https:\/\/www.kiwanis.ch\/wp-content\/uploads\/2024\/05\/basel-city.jpg","datePublished":"2024-07-16T08:00:00+00:00","author":{"@id":"https:\/\/www.kiwanis.ch\/fr\/#\/schema\/person\/32e076a576cc36b251d0d73060b06f13"},"breadcrumb":{"@id":"https:\/\/www.kiwanis.ch\/fr\/fusion\/#breadcrumb"},"inLanguage":"fr-FR","potentialAction":[{"@type":"ReadAction","target":["https:\/\/www.kiwanis.ch\/fr\/fusion\/"]}]},{"@type":"ImageObject","inLanguage":"fr-FR","@id":"https:\/\/www.kiwanis.ch\/fr\/fusion\/#primaryimage","url":"https:\/\/www.kiwanis.ch\/wp-content\/uploads\/2024\/05\/basel-city.jpg","contentUrl":"https:\/\/www.kiwanis.ch\/wp-content\/uploads\/2024\/05\/basel-city.jpg","width":1280,"height":894},{"@type":"BreadcrumbList","@id":"https:\/\/www.kiwanis.ch\/fr\/fusion\/#breadcrumb","itemListElement":[{"@type":"ListItem","position":1,"name":"Startseite","item":"https:\/\/www.kiwanis.ch\/fr\/"},{"@type":"ListItem","position":2,"name":"Fusion"}]},{"@type":"WebSite","@id":"https:\/\/www.kiwanis.ch\/fr\/#website","url":"https:\/\/www.kiwanis.ch\/fr\/","name":"Kiwanis International District Switzerland-Liechtenstein","description":"","potentialAction":[{"@type":"SearchAction","target":{"@type":"EntryPoint","urlTemplate":"https:\/\/www.kiwanis.ch\/fr\/?s={search_term_string}"},"query-input":{"@type":"PropertyValueSpecification","valueRequired":true,"valueName":"search_term_string"}}],"inLanguage":"fr-FR"},{"@type":"Person","@id":"https:\/\/www.kiwanis.ch\/fr\/#\/schema\/person\/32e076a576cc36b251d0d73060b06f13","name":"Redaktion"}]}},"_links":{"self":[{"href":"https:\/\/www.kiwanis.ch\/fr\/wp-json\/wp\/v2\/posts\/20547","targetHints":{"allow":["GET"]}}],"collection":[{"href":"https:\/\/www.kiwanis.ch\/fr\/wp-json\/wp\/v2\/posts"}],"about":[{"href":"https:\/\/www.kiwanis.ch\/fr\/wp-json\/wp\/v2\/types\/post"}],"author":[{"embeddable":true,"href":"https:\/\/www.kiwanis.ch\/fr\/wp-json\/wp\/v2\/users\/5"}],"replies":[{"embeddable":true,"href":"https:\/\/www.kiwanis.ch\/fr\/wp-json\/wp\/v2\/comments?post=20547"}],"version-history":[{"count":2,"href":"https:\/\/www.kiwanis.ch\/fr\/wp-json\/wp\/v2\/posts\/20547\/revisions"}],"predecessor-version":[{"id":20644,"href":"https:\/\/www.kiwanis.ch\/fr\/wp-json\/wp\/v2\/posts\/20547\/revisions\/20644"}],"wp:featuredmedia":[{"embeddable":true,"href":"https:\/\/www.kiwanis.ch\/fr\/wp-json\/wp\/v2\/media\/20551"}],"wp:attachment":[{"href":"https:\/\/www.kiwanis.ch\/fr\/wp-json\/wp\/v2\/media?parent=20547"}],"wp:term":[{"taxonomy":"category","embeddable":true,"href":"https:\/\/www.kiwanis.ch\/fr\/wp-json\/wp\/v2\/categories?post=20547"},{"taxonomy":"post_tag","embeddable":true,"href":"https:\/\/www.kiwanis.ch\/fr\/wp-json\/wp\/v2\/tags?post=20547"}],"curies":[{"name":"wp","href":"https:\/\/api.w.org\/{rel}","templated":true}]}}