{"id":17480,"date":"2024-01-09T10:00:00","date_gmt":"2024-01-09T09:00:00","guid":{"rendered":"https:\/\/www.kiwanis.ch\/?p=17480"},"modified":"2023-11-29T09:18:46","modified_gmt":"2023-11-29T08:18:46","slug":"le-manifeste-de-weiningen","status":"publish","type":"post","link":"https:\/\/www.kiwanis.ch\/fr\/le-manifeste-de-weiningen\/","title":{"rendered":"Le manifeste de Weiningen"},"content":{"rendered":"<p style=\"text-align: justify;\"><strong>Le KC Weiningen a une collection tout \u00e0 fait particuli\u00e8re, cr\u00e9\u00e9e par son secr\u00e9taire Fredy Bilger\u00a0: un livre faisant le portrait de l\u2019ensemble des membres. Il est issu de l\u2019urgence.\u00a0<\/strong><\/p>\n<p style=\"text-align: justify;\">Quand en effet \u00e9clata la pand\u00e9mie en 2020 et que le Club devint silencieux d\u2019un jour \u00e0 l\u2019autre, il chercha une voie pour rester en contact avec ses coll\u00e8gues du Club. Mais seulement mener des entretiens n\u2019aurait pas atteint l\u2019objectif que Fredy Bilger cherchait. Il voulait finalement que tous les membres du Club d\u00e9couvrent quelque chose les uns des autres.<\/p>\n<p style=\"text-align: justify;\">Il mena donc des interviews. Il parla avec tous les membres, questionna ses amis sur leur ressenti, leurs esp\u00e9rances, leurs soucis et leurs passions. Il r\u00e9digea \u00e0 partir de l\u00e0 des textes, des portraits vivants de tous les quelque 30 membres du Club, \u00e9crits avec beaucoup de confiance et de chaleur. Il en fit relier des livres, un pour chaque Weinigenien. \u00ab\u00a0Je ne me serais pas attendu \u00e0 ce que tous les membres participent, mais il en fut exactement ainsi. Et tous furent totalement heureux du r\u00e9sultat\u00a0\u00bb.<\/p>\n<p style=\"text-align: justify;\">Fredy Bilger ne regrette aucune minute du temps qu\u2019il a investi dans ce projet. Parce qu\u2019il a ainsi surmont\u00e9 avec \u00e9l\u00e9gance le temps kiwanien libre pendant la pand\u00e9mie\u00a0; parce que de cette mani\u00e8re il a encore mieux fait connaissance de ses amis\u00a0; et parce qu\u2019enfin ce livre est devenu une sorte de plaquette comm\u00e9morative du Club, un manifeste. \u00ab\u00a0Ce projet nous a tous rapproch\u00e9s, soud\u00e9s en tant que Club\u00a0\u00bb, conclut Fredy. Cela en aurait valu la peine rien que pour cela.<\/p>\n<p style=\"text-align: justify;\"><strong>AK Lucas Huber<\/strong><br \/>\n<strong>Traduction\u00a0: AK Philippe Clemmer<\/strong><\/p>\n<div class=\"wp-block-image\"><a href=\"https:\/\/www.kiwanis.ch\/wp-content\/uploads\/2023\/11\/Cover-Buch-Kiwanis-Mitglieder-Weiningen-scaled.jpg\"><img fetchpriority=\"high\" decoding=\"async\" class=\"alignleft wp-image-17483 size-medium\" src=\"https:\/\/www.kiwanis.ch\/wp-content\/uploads\/2023\/11\/Cover-Buch-Kiwanis-Mitglieder-Weiningen-225x300.jpg\" alt=\"\" width=\"225\" height=\"300\" srcset=\"https:\/\/www.kiwanis.ch\/wp-content\/uploads\/2023\/11\/Cover-Buch-Kiwanis-Mitglieder-Weiningen-225x300.jpg 225w, https:\/\/www.kiwanis.ch\/wp-content\/uploads\/2023\/11\/Cover-Buch-Kiwanis-Mitglieder-Weiningen-768x1024.jpg 768w, https:\/\/www.kiwanis.ch\/wp-content\/uploads\/2023\/11\/Cover-Buch-Kiwanis-Mitglieder-Weiningen-1152x1536.jpg 1152w, https:\/\/www.kiwanis.ch\/wp-content\/uploads\/2023\/11\/Cover-Buch-Kiwanis-Mitglieder-Weiningen-1536x2048.jpg 1536w, https:\/\/www.kiwanis.ch\/wp-content\/uploads\/2023\/11\/Cover-Buch-Kiwanis-Mitglieder-Weiningen-600x800.jpg 600w, https:\/\/www.kiwanis.ch\/wp-content\/uploads\/2023\/11\/Cover-Buch-Kiwanis-Mitglieder-Weiningen-scaled.jpg 1920w\" sizes=\"(max-width: 225px) 100vw, 225px\" \/><\/a><\/div>\n","protected":false},"excerpt":{"rendered":"<p>Le KC Weiningen a une collection tout \u00e0 fait particuli\u00e8re, cr\u00e9\u00e9e par son secr\u00e9taire Fredy Bilger\u00a0: un livre faisant le portrait de l\u2019ensemble des membres. Il est issu de l\u2019urgence.\u00a0 Quand en effet \u00e9clata la pand\u00e9mie en 2020 et que le Club devint silencieux d\u2019un jour \u00e0 l\u2019autre, il chercha une voie pour rester en [&hellip;]<\/p>\n","protected":false},"author":5,"featured_media":17361,"comment_status":"closed","ping_status":"closed","sticky":false,"template":"","format":"standard","meta":{"footnotes":""},"categories":[89,42],"tags":[],"class_list":["post-17480","post","type-post","status-publish","format-standard","has-post-thumbnail","hentry","category-clubleben-2","category-schwerpunkt-fr"],"yoast_head":"<!-- This site is optimized with the Yoast SEO plugin v28.4 - https:\/\/yoast.com\/product\/yoast-seo-wordpress\/ -->\n<title>Le manifeste de Weiningen - Kiwanis International District Switzerland-Liechtenstein<\/title>\n<meta name=\"robots\" content=\"index, follow, max-snippet:-1, max-image-preview:large, max-video-preview:-1\" \/>\n<link rel=\"canonical\" href=\"https:\/\/www.kiwanis.ch\/fr\/le-manifeste-de-weiningen\/\" \/>\n<meta property=\"og:locale\" content=\"fr_FR\" \/>\n<meta property=\"og:type\" content=\"article\" \/>\n<meta property=\"og:title\" content=\"Le manifeste de Weiningen - Kiwanis International District Switzerland-Liechtenstein\" \/>\n<meta property=\"og:description\" content=\"Le KC Weiningen a une collection tout \u00e0 fait particuli\u00e8re, cr\u00e9\u00e9e par son secr\u00e9taire Fredy Bilger\u00a0: un livre faisant le portrait de l\u2019ensemble des membres. Il est issu de l\u2019urgence.\u00a0 Quand en effet \u00e9clata la pand\u00e9mie en 2020 et que le Club devint silencieux d\u2019un jour \u00e0 l\u2019autre, il chercha une voie pour rester en [&hellip;]\" \/>\n<meta property=\"og:url\" content=\"https:\/\/www.kiwanis.ch\/fr\/le-manifeste-de-weiningen\/\" \/>\n<meta property=\"og:site_name\" content=\"Kiwanis International District Switzerland-Liechtenstein\" \/>\n<meta property=\"article:published_time\" content=\"2024-01-09T09:00:00+00:00\" \/>\n<meta property=\"og:image\" content=\"https:\/\/www.kiwanis.ch\/wp-content\/uploads\/2024\/02\/Portrait20Fredy-scaled.jpg\" \/>\n\t<meta property=\"og:image:width\" content=\"1707\" \/>\n\t<meta property=\"og:image:height\" content=\"2560\" \/>\n\t<meta property=\"og:image:type\" content=\"image\/jpeg\" \/>\n<meta name=\"author\" content=\"Redaktion\" \/>\n<meta name=\"twitter:card\" content=\"summary_large_image\" \/>\n<meta name=\"twitter:label1\" content=\"\u00c9crit par\" \/>\n\t<meta name=\"twitter:data1\" content=\"Redaktion\" \/>\n\t<meta name=\"twitter:label2\" content=\"Dur\u00e9e de lecture estim\u00e9e\" \/>\n\t<meta name=\"twitter:data2\" content=\"2 minutes\" \/>\n<script type=\"application\/ld+json\" class=\"yoast-schema-graph\">{\"@context\":\"https:\\\/\\\/schema.org\",\"@graph\":[{\"@type\":\"Article\",\"@id\":\"https:\\\/\\\/www.kiwanis.ch\\\/fr\\\/le-manifeste-de-weiningen\\\/#article\",\"isPartOf\":{\"@id\":\"https:\\\/\\\/www.kiwanis.ch\\\/fr\\\/le-manifeste-de-weiningen\\\/\"},\"author\":{\"name\":\"Redaktion\",\"@id\":\"https:\\\/\\\/www.kiwanis.ch\\\/fr\\\/#\\\/schema\\\/person\\\/32e076a576cc36b251d0d73060b06f13\"},\"headline\":\"Le manifeste de Weiningen\",\"datePublished\":\"2024-01-09T09:00:00+00:00\",\"mainEntityOfPage\":{\"@id\":\"https:\\\/\\\/www.kiwanis.ch\\\/fr\\\/le-manifeste-de-weiningen\\\/\"},\"wordCount\":287,\"image\":{\"@id\":\"https:\\\/\\\/www.kiwanis.ch\\\/fr\\\/le-manifeste-de-weiningen\\\/#primaryimage\"},\"thumbnailUrl\":\"https:\\\/\\\/www.kiwanis.ch\\\/wp-content\\\/uploads\\\/2024\\\/02\\\/Portrait20Fredy-scaled.jpg\",\"articleSection\":[\"Clubleben\",\"Schwerpunkt\"],\"inLanguage\":\"fr-FR\"},{\"@type\":\"WebPage\",\"@id\":\"https:\\\/\\\/www.kiwanis.ch\\\/fr\\\/le-manifeste-de-weiningen\\\/\",\"url\":\"https:\\\/\\\/www.kiwanis.ch\\\/fr\\\/le-manifeste-de-weiningen\\\/\",\"name\":\"Le manifeste de Weiningen - Kiwanis International District Switzerland-Liechtenstein\",\"isPartOf\":{\"@id\":\"https:\\\/\\\/www.kiwanis.ch\\\/fr\\\/#website\"},\"primaryImageOfPage\":{\"@id\":\"https:\\\/\\\/www.kiwanis.ch\\\/fr\\\/le-manifeste-de-weiningen\\\/#primaryimage\"},\"image\":{\"@id\":\"https:\\\/\\\/www.kiwanis.ch\\\/fr\\\/le-manifeste-de-weiningen\\\/#primaryimage\"},\"thumbnailUrl\":\"https:\\\/\\\/www.kiwanis.ch\\\/wp-content\\\/uploads\\\/2024\\\/02\\\/Portrait20Fredy-scaled.jpg\",\"datePublished\":\"2024-01-09T09:00:00+00:00\",\"author\":{\"@id\":\"https:\\\/\\\/www.kiwanis.ch\\\/fr\\\/#\\\/schema\\\/person\\\/32e076a576cc36b251d0d73060b06f13\"},\"breadcrumb\":{\"@id\":\"https:\\\/\\\/www.kiwanis.ch\\\/fr\\\/le-manifeste-de-weiningen\\\/#breadcrumb\"},\"inLanguage\":\"fr-FR\",\"potentialAction\":[{\"@type\":\"ReadAction\",\"target\":[\"https:\\\/\\\/www.kiwanis.ch\\\/fr\\\/le-manifeste-de-weiningen\\\/\"]}]},{\"@type\":\"ImageObject\",\"inLanguage\":\"fr-FR\",\"@id\":\"https:\\\/\\\/www.kiwanis.ch\\\/fr\\\/le-manifeste-de-weiningen\\\/#primaryimage\",\"url\":\"https:\\\/\\\/www.kiwanis.ch\\\/wp-content\\\/uploads\\\/2024\\\/02\\\/Portrait20Fredy-scaled.jpg\",\"contentUrl\":\"https:\\\/\\\/www.kiwanis.ch\\\/wp-content\\\/uploads\\\/2024\\\/02\\\/Portrait20Fredy-scaled.jpg\",\"width\":1707,\"height\":2560,\"caption\":\"Weininger Manifest\"},{\"@type\":\"BreadcrumbList\",\"@id\":\"https:\\\/\\\/www.kiwanis.ch\\\/fr\\\/le-manifeste-de-weiningen\\\/#breadcrumb\",\"itemListElement\":[{\"@type\":\"ListItem\",\"position\":1,\"name\":\"Startseite\",\"item\":\"https:\\\/\\\/www.kiwanis.ch\\\/fr\\\/\"},{\"@type\":\"ListItem\",\"position\":2,\"name\":\"Le manifeste de Weiningen\"}]},{\"@type\":\"WebSite\",\"@id\":\"https:\\\/\\\/www.kiwanis.ch\\\/fr\\\/#website\",\"url\":\"https:\\\/\\\/www.kiwanis.ch\\\/fr\\\/\",\"name\":\"Kiwanis International District Switzerland-Liechtenstein\",\"description\":\"\",\"potentialAction\":[{\"@type\":\"SearchAction\",\"target\":{\"@type\":\"EntryPoint\",\"urlTemplate\":\"https:\\\/\\\/www.kiwanis.ch\\\/fr\\\/?s={search_term_string}\"},\"query-input\":{\"@type\":\"PropertyValueSpecification\",\"valueRequired\":true,\"valueName\":\"search_term_string\"}}],\"inLanguage\":\"fr-FR\"},{\"@type\":\"Person\",\"@id\":\"https:\\\/\\\/www.kiwanis.ch\\\/fr\\\/#\\\/schema\\\/person\\\/32e076a576cc36b251d0d73060b06f13\",\"name\":\"Redaktion\"}]}<\/script>\n<!-- \/ Yoast SEO plugin. -->","yoast_head_json":{"title":"Le manifeste de Weiningen - Kiwanis International District Switzerland-Liechtenstein","robots":{"index":"index","follow":"follow","max-snippet":"max-snippet:-1","max-image-preview":"max-image-preview:large","max-video-preview":"max-video-preview:-1"},"canonical":"https:\/\/www.kiwanis.ch\/fr\/le-manifeste-de-weiningen\/","og_locale":"fr_FR","og_type":"article","og_title":"Le manifeste de Weiningen - Kiwanis International District Switzerland-Liechtenstein","og_description":"Le KC Weiningen a une collection tout \u00e0 fait particuli\u00e8re, cr\u00e9\u00e9e par son secr\u00e9taire Fredy Bilger\u00a0: un livre faisant le portrait de l\u2019ensemble des membres. Il est issu de l\u2019urgence.\u00a0 Quand en effet \u00e9clata la pand\u00e9mie en 2020 et que le Club devint silencieux d\u2019un jour \u00e0 l\u2019autre, il chercha une voie pour rester en [&hellip;]","og_url":"https:\/\/www.kiwanis.ch\/fr\/le-manifeste-de-weiningen\/","og_site_name":"Kiwanis International District Switzerland-Liechtenstein","article_published_time":"2024-01-09T09:00:00+00:00","og_image":[{"width":1707,"height":2560,"url":"https:\/\/www.kiwanis.ch\/wp-content\/uploads\/2024\/02\/Portrait20Fredy-scaled.jpg","type":"image\/jpeg"}],"author":"Redaktion","twitter_card":"summary_large_image","twitter_misc":{"\u00c9crit par":"Redaktion","Dur\u00e9e de lecture estim\u00e9e":"2 minutes"},"schema":{"@context":"https:\/\/schema.org","@graph":[{"@type":"Article","@id":"https:\/\/www.kiwanis.ch\/fr\/le-manifeste-de-weiningen\/#article","isPartOf":{"@id":"https:\/\/www.kiwanis.ch\/fr\/le-manifeste-de-weiningen\/"},"author":{"name":"Redaktion","@id":"https:\/\/www.kiwanis.ch\/fr\/#\/schema\/person\/32e076a576cc36b251d0d73060b06f13"},"headline":"Le manifeste de Weiningen","datePublished":"2024-01-09T09:00:00+00:00","mainEntityOfPage":{"@id":"https:\/\/www.kiwanis.ch\/fr\/le-manifeste-de-weiningen\/"},"wordCount":287,"image":{"@id":"https:\/\/www.kiwanis.ch\/fr\/le-manifeste-de-weiningen\/#primaryimage"},"thumbnailUrl":"https:\/\/www.kiwanis.ch\/wp-content\/uploads\/2024\/02\/Portrait20Fredy-scaled.jpg","articleSection":["Clubleben","Schwerpunkt"],"inLanguage":"fr-FR"},{"@type":"WebPage","@id":"https:\/\/www.kiwanis.ch\/fr\/le-manifeste-de-weiningen\/","url":"https:\/\/www.kiwanis.ch\/fr\/le-manifeste-de-weiningen\/","name":"Le manifeste de Weiningen - Kiwanis International District Switzerland-Liechtenstein","isPartOf":{"@id":"https:\/\/www.kiwanis.ch\/fr\/#website"},"primaryImageOfPage":{"@id":"https:\/\/www.kiwanis.ch\/fr\/le-manifeste-de-weiningen\/#primaryimage"},"image":{"@id":"https:\/\/www.kiwanis.ch\/fr\/le-manifeste-de-weiningen\/#primaryimage"},"thumbnailUrl":"https:\/\/www.kiwanis.ch\/wp-content\/uploads\/2024\/02\/Portrait20Fredy-scaled.jpg","datePublished":"2024-01-09T09:00:00+00:00","author":{"@id":"https:\/\/www.kiwanis.ch\/fr\/#\/schema\/person\/32e076a576cc36b251d0d73060b06f13"},"breadcrumb":{"@id":"https:\/\/www.kiwanis.ch\/fr\/le-manifeste-de-weiningen\/#breadcrumb"},"inLanguage":"fr-FR","potentialAction":[{"@type":"ReadAction","target":["https:\/\/www.kiwanis.ch\/fr\/le-manifeste-de-weiningen\/"]}]},{"@type":"ImageObject","inLanguage":"fr-FR","@id":"https:\/\/www.kiwanis.ch\/fr\/le-manifeste-de-weiningen\/#primaryimage","url":"https:\/\/www.kiwanis.ch\/wp-content\/uploads\/2024\/02\/Portrait20Fredy-scaled.jpg","contentUrl":"https:\/\/www.kiwanis.ch\/wp-content\/uploads\/2024\/02\/Portrait20Fredy-scaled.jpg","width":1707,"height":2560,"caption":"Weininger Manifest"},{"@type":"BreadcrumbList","@id":"https:\/\/www.kiwanis.ch\/fr\/le-manifeste-de-weiningen\/#breadcrumb","itemListElement":[{"@type":"ListItem","position":1,"name":"Startseite","item":"https:\/\/www.kiwanis.ch\/fr\/"},{"@type":"ListItem","position":2,"name":"Le manifeste de Weiningen"}]},{"@type":"WebSite","@id":"https:\/\/www.kiwanis.ch\/fr\/#website","url":"https:\/\/www.kiwanis.ch\/fr\/","name":"Kiwanis International District Switzerland-Liechtenstein","description":"","potentialAction":[{"@type":"SearchAction","target":{"@type":"EntryPoint","urlTemplate":"https:\/\/www.kiwanis.ch\/fr\/?s={search_term_string}"},"query-input":{"@type":"PropertyValueSpecification","valueRequired":true,"valueName":"search_term_string"}}],"inLanguage":"fr-FR"},{"@type":"Person","@id":"https:\/\/www.kiwanis.ch\/fr\/#\/schema\/person\/32e076a576cc36b251d0d73060b06f13","name":"Redaktion"}]}},"_links":{"self":[{"href":"https:\/\/www.kiwanis.ch\/fr\/wp-json\/wp\/v2\/posts\/17480","targetHints":{"allow":["GET"]}}],"collection":[{"href":"https:\/\/www.kiwanis.ch\/fr\/wp-json\/wp\/v2\/posts"}],"about":[{"href":"https:\/\/www.kiwanis.ch\/fr\/wp-json\/wp\/v2\/types\/post"}],"author":[{"embeddable":true,"href":"https:\/\/www.kiwanis.ch\/fr\/wp-json\/wp\/v2\/users\/5"}],"replies":[{"embeddable":true,"href":"https:\/\/www.kiwanis.ch\/fr\/wp-json\/wp\/v2\/comments?post=17480"}],"version-history":[{"count":2,"href":"https:\/\/www.kiwanis.ch\/fr\/wp-json\/wp\/v2\/posts\/17480\/revisions"}],"predecessor-version":[{"id":17496,"href":"https:\/\/www.kiwanis.ch\/fr\/wp-json\/wp\/v2\/posts\/17480\/revisions\/17496"}],"wp:featuredmedia":[{"embeddable":true,"href":"https:\/\/www.kiwanis.ch\/fr\/wp-json\/wp\/v2\/media\/17361"}],"wp:attachment":[{"href":"https:\/\/www.kiwanis.ch\/fr\/wp-json\/wp\/v2\/media?parent=17480"}],"wp:term":[{"taxonomy":"category","embeddable":true,"href":"https:\/\/www.kiwanis.ch\/fr\/wp-json\/wp\/v2\/categories?post=17480"},{"taxonomy":"post_tag","embeddable":true,"href":"https:\/\/www.kiwanis.ch\/fr\/wp-json\/wp\/v2\/tags?post=17480"}],"curies":[{"name":"wp","href":"https:\/\/api.w.org\/{rel}","templated":true}]}}