{"id":10988,"date":"2022-06-13T10:00:00","date_gmt":"2022-06-13T08:00:00","guid":{"rendered":"https:\/\/www.kiwanis.ch\/?p=10988"},"modified":"2022-06-08T15:32:08","modified_gmt":"2022-06-08T13:32:08","slug":"le-val-de-ruz-sengage","status":"publish","type":"post","link":"https:\/\/www.kiwanis.ch\/fr\/le-val-de-ruz-sengage\/","title":{"rendered":"Le Val-de-Ruz s&rsquo;engage"},"content":{"rendered":"<p style=\"text-align: justify;\">Sensibilis\u00e9 au drame v\u00e9cu par le peuple ukrainien, le KC Val-de-Ruz a vot\u00e9 le 9 mars l\u2019octroi d\u2019un soutien substantiel aux op\u00e9rations d\u2019aide apport\u00e9es \u00e0 cette population qui a renonc\u00e9 \u00e0 quitter le pays. Un don de 10&rsquo;000 francs a \u00e9t\u00e9 d\u00e9cid\u00e9, motiv\u00e9 par le fait qu\u2019un de ses membres a pour \u00e9pouse une Ukrainienne. Ainsi, une aide directe sur le terrain sera apport\u00e9e via diff\u00e9rents contacts demeur\u00e9s sur place.<\/p>\n<p style=\"text-align: justify;\">Ce montant sert partiellement \u00e0 l\u2019achat de m\u00e9dicaments et de mat\u00e9riel hospitalier pour deux h\u00f4pitaux sis \u00e0 Kiev et Sumy, le \u00a0reste \u00e0 des produits d\u2019hygi\u00e8ne. Un premier v\u00e9hicule a livr\u00e9 le 15 mars, le second le 25 mars.<\/p>\n<p style=\"text-align: justify;\">Parall\u00e8lement ce couple et un groupement des Ukrainiennes du Val-de-Ruz ont organis\u00e9 une action de soutien le samedi 12 mars. Diverses sp\u00e9cialit\u00e9s culinaires ukrainiennes ont \u00e9t\u00e9 offertes \u00e0 la population de la r\u00e9gion, invit\u00e9e \u00e0 faire preuve de g\u00e9n\u00e9rosit\u00e9. Nous ferons \u00e9tat du suivi de ces livraisons dans le prochain \u00ab Kiwanis Magazin \u00bb.<\/p>\n","protected":false},"excerpt":{"rendered":"<p>Sensibilis\u00e9 au drame v\u00e9cu par le peuple ukrainien, le KC Val-de-Ruz a vot\u00e9 le 9 mars l\u2019octroi d\u2019un soutien substantiel aux op\u00e9rations d\u2019aide apport\u00e9es \u00e0 cette population qui a renonc\u00e9 \u00e0 quitter le pays. Un don de 10&rsquo;000 francs a \u00e9t\u00e9 d\u00e9cid\u00e9, motiv\u00e9 par le fait qu\u2019un de ses membres a pour \u00e9pouse une Ukrainienne. [&hellip;]<\/p>\n","protected":false},"author":5,"featured_media":10990,"comment_status":"closed","ping_status":"closed","sticky":false,"template":"","format":"standard","meta":{"footnotes":""},"categories":[39],"tags":[],"class_list":["post-10988","post","type-post","status-publish","format-standard","has-post-thumbnail","hentry","category-engagement-fr"],"yoast_head":"<!-- This site is optimized with the Yoast SEO plugin v28.1 - https:\/\/yoast.com\/product\/yoast-seo-wordpress\/ -->\n<title>Le Val-de-Ruz s&#039;engage - Kiwanis International District Switzerland-Liechtenstein<\/title>\n<meta name=\"robots\" content=\"index, follow, max-snippet:-1, max-image-preview:large, max-video-preview:-1\" \/>\n<link rel=\"canonical\" href=\"https:\/\/www.kiwanis.ch\/fr\/le-val-de-ruz-sengage\/\" \/>\n<meta property=\"og:locale\" content=\"fr_FR\" \/>\n<meta property=\"og:type\" content=\"article\" \/>\n<meta property=\"og:title\" content=\"Le Val-de-Ruz s&#039;engage - Kiwanis International District Switzerland-Liechtenstein\" \/>\n<meta property=\"og:description\" content=\"Sensibilis\u00e9 au drame v\u00e9cu par le peuple ukrainien, le KC Val-de-Ruz a vot\u00e9 le 9 mars l\u2019octroi d\u2019un soutien substantiel aux op\u00e9rations d\u2019aide apport\u00e9es \u00e0 cette population qui a renonc\u00e9 \u00e0 quitter le pays. Un don de 10&rsquo;000 francs a \u00e9t\u00e9 d\u00e9cid\u00e9, motiv\u00e9 par le fait qu\u2019un de ses membres a pour \u00e9pouse une Ukrainienne. [&hellip;]\" \/>\n<meta property=\"og:url\" content=\"https:\/\/www.kiwanis.ch\/fr\/le-val-de-ruz-sengage\/\" \/>\n<meta property=\"og:site_name\" content=\"Kiwanis International District Switzerland-Liechtenstein\" \/>\n<meta property=\"article:published_time\" content=\"2022-06-13T08:00:00+00:00\" \/>\n<meta property=\"og:image\" content=\"https:\/\/www.kiwanis.ch\/wp-content\/uploads\/2022\/06\/ValDeRuz-scaled.jpg\" \/>\n\t<meta property=\"og:image:width\" content=\"2560\" \/>\n\t<meta property=\"og:image:height\" content=\"1920\" \/>\n\t<meta property=\"og:image:type\" content=\"image\/jpeg\" \/>\n<meta name=\"author\" content=\"Redaktion\" \/>\n<meta name=\"twitter:card\" content=\"summary_large_image\" \/>\n<meta name=\"twitter:image\" content=\"https:\/\/www.kiwanis.ch\/wp-content\/uploads\/2022\/06\/ValDeRuz-scaled.jpg\" \/>\n<meta name=\"twitter:label1\" content=\"\u00c9crit par\" \/>\n\t<meta name=\"twitter:data1\" content=\"Redaktion\" \/>\n\t<meta name=\"twitter:label2\" content=\"Dur\u00e9e de lecture estim\u00e9e\" \/>\n\t<meta name=\"twitter:data2\" content=\"1 minute\" \/>\n<script type=\"application\/ld+json\" class=\"yoast-schema-graph\">{\"@context\":\"https:\\\/\\\/schema.org\",\"@graph\":[{\"@type\":\"Article\",\"@id\":\"https:\\\/\\\/www.kiwanis.ch\\\/fr\\\/le-val-de-ruz-sengage\\\/#article\",\"isPartOf\":{\"@id\":\"https:\\\/\\\/www.kiwanis.ch\\\/fr\\\/le-val-de-ruz-sengage\\\/\"},\"author\":{\"name\":\"Redaktion\",\"@id\":\"https:\\\/\\\/www.kiwanis.ch\\\/fr\\\/#\\\/schema\\\/person\\\/32e076a576cc36b251d0d73060b06f13\"},\"headline\":\"Le Val-de-Ruz s&rsquo;engage\",\"datePublished\":\"2022-06-13T08:00:00+00:00\",\"mainEntityOfPage\":{\"@id\":\"https:\\\/\\\/www.kiwanis.ch\\\/fr\\\/le-val-de-ruz-sengage\\\/\"},\"wordCount\":178,\"image\":{\"@id\":\"https:\\\/\\\/www.kiwanis.ch\\\/fr\\\/le-val-de-ruz-sengage\\\/#primaryimage\"},\"thumbnailUrl\":\"https:\\\/\\\/www.kiwanis.ch\\\/wp-content\\\/uploads\\\/2022\\\/06\\\/ValDeRuz-scaled.jpg\",\"articleSection\":[\"Engagement\"],\"inLanguage\":\"fr-FR\"},{\"@type\":\"WebPage\",\"@id\":\"https:\\\/\\\/www.kiwanis.ch\\\/fr\\\/le-val-de-ruz-sengage\\\/\",\"url\":\"https:\\\/\\\/www.kiwanis.ch\\\/fr\\\/le-val-de-ruz-sengage\\\/\",\"name\":\"Le Val-de-Ruz s'engage - Kiwanis International District Switzerland-Liechtenstein\",\"isPartOf\":{\"@id\":\"https:\\\/\\\/www.kiwanis.ch\\\/fr\\\/#website\"},\"primaryImageOfPage\":{\"@id\":\"https:\\\/\\\/www.kiwanis.ch\\\/fr\\\/le-val-de-ruz-sengage\\\/#primaryimage\"},\"image\":{\"@id\":\"https:\\\/\\\/www.kiwanis.ch\\\/fr\\\/le-val-de-ruz-sengage\\\/#primaryimage\"},\"thumbnailUrl\":\"https:\\\/\\\/www.kiwanis.ch\\\/wp-content\\\/uploads\\\/2022\\\/06\\\/ValDeRuz-scaled.jpg\",\"datePublished\":\"2022-06-13T08:00:00+00:00\",\"author\":{\"@id\":\"https:\\\/\\\/www.kiwanis.ch\\\/fr\\\/#\\\/schema\\\/person\\\/32e076a576cc36b251d0d73060b06f13\"},\"breadcrumb\":{\"@id\":\"https:\\\/\\\/www.kiwanis.ch\\\/fr\\\/le-val-de-ruz-sengage\\\/#breadcrumb\"},\"inLanguage\":\"fr-FR\",\"potentialAction\":[{\"@type\":\"ReadAction\",\"target\":[\"https:\\\/\\\/www.kiwanis.ch\\\/fr\\\/le-val-de-ruz-sengage\\\/\"]}]},{\"@type\":\"ImageObject\",\"inLanguage\":\"fr-FR\",\"@id\":\"https:\\\/\\\/www.kiwanis.ch\\\/fr\\\/le-val-de-ruz-sengage\\\/#primaryimage\",\"url\":\"https:\\\/\\\/www.kiwanis.ch\\\/wp-content\\\/uploads\\\/2022\\\/06\\\/ValDeRuz-scaled.jpg\",\"contentUrl\":\"https:\\\/\\\/www.kiwanis.ch\\\/wp-content\\\/uploads\\\/2022\\\/06\\\/ValDeRuz-scaled.jpg\",\"width\":2560,\"height\":1920},{\"@type\":\"BreadcrumbList\",\"@id\":\"https:\\\/\\\/www.kiwanis.ch\\\/fr\\\/le-val-de-ruz-sengage\\\/#breadcrumb\",\"itemListElement\":[{\"@type\":\"ListItem\",\"position\":1,\"name\":\"Startseite\",\"item\":\"https:\\\/\\\/www.kiwanis.ch\\\/fr\\\/\"},{\"@type\":\"ListItem\",\"position\":2,\"name\":\"Le Val-de-Ruz s&#8217;engage\"}]},{\"@type\":\"WebSite\",\"@id\":\"https:\\\/\\\/www.kiwanis.ch\\\/fr\\\/#website\",\"url\":\"https:\\\/\\\/www.kiwanis.ch\\\/fr\\\/\",\"name\":\"Kiwanis International District Switzerland-Liechtenstein\",\"description\":\"\",\"potentialAction\":[{\"@type\":\"SearchAction\",\"target\":{\"@type\":\"EntryPoint\",\"urlTemplate\":\"https:\\\/\\\/www.kiwanis.ch\\\/fr\\\/?s={search_term_string}\"},\"query-input\":{\"@type\":\"PropertyValueSpecification\",\"valueRequired\":true,\"valueName\":\"search_term_string\"}}],\"inLanguage\":\"fr-FR\"},{\"@type\":\"Person\",\"@id\":\"https:\\\/\\\/www.kiwanis.ch\\\/fr\\\/#\\\/schema\\\/person\\\/32e076a576cc36b251d0d73060b06f13\",\"name\":\"Redaktion\"}]}<\/script>\n<!-- \/ Yoast SEO plugin. -->","yoast_head_json":{"title":"Le Val-de-Ruz s'engage - Kiwanis International District Switzerland-Liechtenstein","robots":{"index":"index","follow":"follow","max-snippet":"max-snippet:-1","max-image-preview":"max-image-preview:large","max-video-preview":"max-video-preview:-1"},"canonical":"https:\/\/www.kiwanis.ch\/fr\/le-val-de-ruz-sengage\/","og_locale":"fr_FR","og_type":"article","og_title":"Le Val-de-Ruz s'engage - Kiwanis International District Switzerland-Liechtenstein","og_description":"Sensibilis\u00e9 au drame v\u00e9cu par le peuple ukrainien, le KC Val-de-Ruz a vot\u00e9 le 9 mars l\u2019octroi d\u2019un soutien substantiel aux op\u00e9rations d\u2019aide apport\u00e9es \u00e0 cette population qui a renonc\u00e9 \u00e0 quitter le pays. Un don de 10&rsquo;000 francs a \u00e9t\u00e9 d\u00e9cid\u00e9, motiv\u00e9 par le fait qu\u2019un de ses membres a pour \u00e9pouse une Ukrainienne. [&hellip;]","og_url":"https:\/\/www.kiwanis.ch\/fr\/le-val-de-ruz-sengage\/","og_site_name":"Kiwanis International District Switzerland-Liechtenstein","article_published_time":"2022-06-13T08:00:00+00:00","og_image":[{"width":2560,"height":1920,"url":"https:\/\/www.kiwanis.ch\/wp-content\/uploads\/2022\/06\/ValDeRuz-scaled.jpg","type":"image\/jpeg"}],"author":"Redaktion","twitter_card":"summary_large_image","twitter_image":"https:\/\/www.kiwanis.ch\/wp-content\/uploads\/2022\/06\/ValDeRuz-scaled.jpg","twitter_misc":{"\u00c9crit par":"Redaktion","Dur\u00e9e de lecture estim\u00e9e":"1 minute"},"schema":{"@context":"https:\/\/schema.org","@graph":[{"@type":"Article","@id":"https:\/\/www.kiwanis.ch\/fr\/le-val-de-ruz-sengage\/#article","isPartOf":{"@id":"https:\/\/www.kiwanis.ch\/fr\/le-val-de-ruz-sengage\/"},"author":{"name":"Redaktion","@id":"https:\/\/www.kiwanis.ch\/fr\/#\/schema\/person\/32e076a576cc36b251d0d73060b06f13"},"headline":"Le Val-de-Ruz s&rsquo;engage","datePublished":"2022-06-13T08:00:00+00:00","mainEntityOfPage":{"@id":"https:\/\/www.kiwanis.ch\/fr\/le-val-de-ruz-sengage\/"},"wordCount":178,"image":{"@id":"https:\/\/www.kiwanis.ch\/fr\/le-val-de-ruz-sengage\/#primaryimage"},"thumbnailUrl":"https:\/\/www.kiwanis.ch\/wp-content\/uploads\/2022\/06\/ValDeRuz-scaled.jpg","articleSection":["Engagement"],"inLanguage":"fr-FR"},{"@type":"WebPage","@id":"https:\/\/www.kiwanis.ch\/fr\/le-val-de-ruz-sengage\/","url":"https:\/\/www.kiwanis.ch\/fr\/le-val-de-ruz-sengage\/","name":"Le Val-de-Ruz s'engage - Kiwanis International District Switzerland-Liechtenstein","isPartOf":{"@id":"https:\/\/www.kiwanis.ch\/fr\/#website"},"primaryImageOfPage":{"@id":"https:\/\/www.kiwanis.ch\/fr\/le-val-de-ruz-sengage\/#primaryimage"},"image":{"@id":"https:\/\/www.kiwanis.ch\/fr\/le-val-de-ruz-sengage\/#primaryimage"},"thumbnailUrl":"https:\/\/www.kiwanis.ch\/wp-content\/uploads\/2022\/06\/ValDeRuz-scaled.jpg","datePublished":"2022-06-13T08:00:00+00:00","author":{"@id":"https:\/\/www.kiwanis.ch\/fr\/#\/schema\/person\/32e076a576cc36b251d0d73060b06f13"},"breadcrumb":{"@id":"https:\/\/www.kiwanis.ch\/fr\/le-val-de-ruz-sengage\/#breadcrumb"},"inLanguage":"fr-FR","potentialAction":[{"@type":"ReadAction","target":["https:\/\/www.kiwanis.ch\/fr\/le-val-de-ruz-sengage\/"]}]},{"@type":"ImageObject","inLanguage":"fr-FR","@id":"https:\/\/www.kiwanis.ch\/fr\/le-val-de-ruz-sengage\/#primaryimage","url":"https:\/\/www.kiwanis.ch\/wp-content\/uploads\/2022\/06\/ValDeRuz-scaled.jpg","contentUrl":"https:\/\/www.kiwanis.ch\/wp-content\/uploads\/2022\/06\/ValDeRuz-scaled.jpg","width":2560,"height":1920},{"@type":"BreadcrumbList","@id":"https:\/\/www.kiwanis.ch\/fr\/le-val-de-ruz-sengage\/#breadcrumb","itemListElement":[{"@type":"ListItem","position":1,"name":"Startseite","item":"https:\/\/www.kiwanis.ch\/fr\/"},{"@type":"ListItem","position":2,"name":"Le Val-de-Ruz s&#8217;engage"}]},{"@type":"WebSite","@id":"https:\/\/www.kiwanis.ch\/fr\/#website","url":"https:\/\/www.kiwanis.ch\/fr\/","name":"Kiwanis International District Switzerland-Liechtenstein","description":"","potentialAction":[{"@type":"SearchAction","target":{"@type":"EntryPoint","urlTemplate":"https:\/\/www.kiwanis.ch\/fr\/?s={search_term_string}"},"query-input":{"@type":"PropertyValueSpecification","valueRequired":true,"valueName":"search_term_string"}}],"inLanguage":"fr-FR"},{"@type":"Person","@id":"https:\/\/www.kiwanis.ch\/fr\/#\/schema\/person\/32e076a576cc36b251d0d73060b06f13","name":"Redaktion"}]}},"_links":{"self":[{"href":"https:\/\/www.kiwanis.ch\/fr\/wp-json\/wp\/v2\/posts\/10988","targetHints":{"allow":["GET"]}}],"collection":[{"href":"https:\/\/www.kiwanis.ch\/fr\/wp-json\/wp\/v2\/posts"}],"about":[{"href":"https:\/\/www.kiwanis.ch\/fr\/wp-json\/wp\/v2\/types\/post"}],"author":[{"embeddable":true,"href":"https:\/\/www.kiwanis.ch\/fr\/wp-json\/wp\/v2\/users\/5"}],"replies":[{"embeddable":true,"href":"https:\/\/www.kiwanis.ch\/fr\/wp-json\/wp\/v2\/comments?post=10988"}],"version-history":[{"count":2,"href":"https:\/\/www.kiwanis.ch\/fr\/wp-json\/wp\/v2\/posts\/10988\/revisions"}],"predecessor-version":[{"id":11007,"href":"https:\/\/www.kiwanis.ch\/fr\/wp-json\/wp\/v2\/posts\/10988\/revisions\/11007"}],"wp:featuredmedia":[{"embeddable":true,"href":"https:\/\/www.kiwanis.ch\/fr\/wp-json\/wp\/v2\/media\/10990"}],"wp:attachment":[{"href":"https:\/\/www.kiwanis.ch\/fr\/wp-json\/wp\/v2\/media?parent=10988"}],"wp:term":[{"taxonomy":"category","embeddable":true,"href":"https:\/\/www.kiwanis.ch\/fr\/wp-json\/wp\/v2\/categories?post=10988"},{"taxonomy":"post_tag","embeddable":true,"href":"https:\/\/www.kiwanis.ch\/fr\/wp-json\/wp\/v2\/tags?post=10988"}],"curies":[{"name":"wp","href":"https:\/\/api.w.org\/{rel}","templated":true}]}}