{"id":10147,"date":"2022-05-04T10:00:00","date_gmt":"2022-05-04T08:00:00","guid":{"rendered":"https:\/\/www.kiwanis.ch\/?p=10147"},"modified":"2022-04-26T11:55:49","modified_gmt":"2022-04-26T09:55:49","slug":"action-en-faveur-de-l-afag","status":"publish","type":"post","link":"https:\/\/www.kiwanis.ch\/fr\/action-en-faveur-de-l-afag\/","title":{"rendered":"Action en faveur de l\u2019\u00a0\u00ab\u00a0afag\u00a0\u00bb"},"content":{"rendered":"<p style=\"text-align: justify;\"><span style=\"color: hsl(0, 0%, 30%);\">Le KC de la Gruy\u00e8re a organis\u00e9 de novembre \u00e0 d\u00e9cembre 2021 une lev\u00e9e de fonds gr\u00e2ce \u00e0 une vente de bisc\u00f4mes en faveur de la fondation \u00ab\u00a0afag\u00a0\u00bb (voir ci-dessous). Apr\u00e8s avoir activement d\u00e9march\u00e9 des entreprises de la Gruy\u00e8re et organis\u00e9 une vente lors du March\u00e9 de No\u00ebl de Bulle, le club a remis un montant de 6500 francs \u00e0 l\u2019afag. En deuxi\u00e8me partie de l\u2019ann\u00e9e 2022, le club organisera une nouvelle action et mettra sur pied un mode de paiement diff\u00e9rent pour ses actions\u00a0: le KIWA\u2019TWINT.<\/span><\/p>\n<p style=\"text-align: justify;\"><span style=\"color: hsl(0, 0%, 30%);\">Pr\u00e8s de 2600 bisc\u00f4mes ont \u00e9t\u00e9 vendus en six semaines. Un des meilleurs r\u00e9sultats des derni\u00e8res ann\u00e9es du KC de la Gruy\u00e8re qui organise, depuis plus de 40 ans, des actions et activit\u00e9s en faveur d\u2019associations li\u00e9es \u00e0 l\u2019enfance et \u00e0 la jeunesse. Ces bisc\u00f4mes ont, cette ann\u00e9e, \u00e9t\u00e9 produits par la Boulangerie Blanc \u00e0 Bulle, ce qui rel\u00e8ve l\u2019importance pour le Club de travailler avec des artisans locaux.<\/span><\/p>\n<p style=\"text-align: justify;\"><span style=\"color: hsl(0, 0%, 30%);\">La fondation afag &#8211;\u00a0Fondation pour l\u2019aide aux familles de la Gruy\u00e8re,\u00a0pr\u00e9sid\u00e9e par Eug\u00e8ne Charri\u00e8re, a pour but de venir en aide\u00a0aux familles dans la pr\u00e9carit\u00e9 traversant des p\u00e9riodes critiques, n\u00e9cessitant appui et encadrement. Depuis 2005, la Fondation afag a distribu\u00e9 pr\u00e8s de 750&rsquo;000 francs.<\/span><\/p>\n<p><a href=\"https:\/\/www.kiwanis.ch\/wp-content\/uploads\/2022\/04\/home-2.jpeg\"><img decoding=\"async\" class=\"alignnone size-medium wp-image-10210\" src=\"https:\/\/www.kiwanis.ch\/wp-content\/uploads\/2022\/04\/home-2-300x43.jpeg\" alt=\"\" width=\"300\" height=\"43\" srcset=\"https:\/\/www.kiwanis.ch\/wp-content\/uploads\/2022\/04\/home-2-300x43.jpeg 300w, https:\/\/www.kiwanis.ch\/wp-content\/uploads\/2022\/04\/home-2-1024x148.jpeg 1024w, https:\/\/www.kiwanis.ch\/wp-content\/uploads\/2022\/04\/home-2-768x111.jpeg 768w, https:\/\/www.kiwanis.ch\/wp-content\/uploads\/2022\/04\/home-2-1536x222.jpeg 1536w, https:\/\/www.kiwanis.ch\/wp-content\/uploads\/2022\/04\/home-2-600x87.jpeg 600w, https:\/\/www.kiwanis.ch\/wp-content\/uploads\/2022\/04\/home-2.jpeg 1800w\" sizes=\"(max-width: 300px) 100vw, 300px\" \/><\/a><\/p>\n","protected":false},"excerpt":{"rendered":"<p>Le KC de la Gruy\u00e8re a organis\u00e9 de novembre \u00e0 d\u00e9cembre 2021 une lev\u00e9e de fonds gr\u00e2ce \u00e0 une vente de bisc\u00f4mes en faveur de la fondation \u00ab\u00a0afag\u00a0\u00bb (voir ci-dessous). Apr\u00e8s avoir activement d\u00e9march\u00e9 des entreprises de la Gruy\u00e8re et organis\u00e9 une vente lors du March\u00e9 de No\u00ebl de Bulle, le club a remis un [&hellip;]<\/p>\n","protected":false},"author":5,"featured_media":10149,"comment_status":"closed","ping_status":"closed","sticky":false,"template":"","format":"standard","meta":{"footnotes":""},"categories":[39],"tags":[],"class_list":["post-10147","post","type-post","status-publish","format-standard","has-post-thumbnail","hentry","category-engagement-fr"],"yoast_head":"<!-- This site is optimized with the Yoast SEO plugin v28.4 - https:\/\/yoast.com\/product\/yoast-seo-wordpress\/ -->\n<title>Action en faveur de l\u2019\u00a0\u00ab\u00a0afag\u00a0\u00bb - Kiwanis International District Switzerland-Liechtenstein<\/title>\n<meta name=\"robots\" content=\"index, follow, max-snippet:-1, max-image-preview:large, max-video-preview:-1\" \/>\n<link rel=\"canonical\" href=\"https:\/\/www.kiwanis.ch\/fr\/action-en-faveur-de-l-afag\/\" \/>\n<meta property=\"og:locale\" content=\"fr_FR\" \/>\n<meta property=\"og:type\" content=\"article\" \/>\n<meta property=\"og:title\" content=\"Action en faveur de l\u2019\u00a0\u00ab\u00a0afag\u00a0\u00bb - Kiwanis International District Switzerland-Liechtenstein\" \/>\n<meta property=\"og:description\" content=\"Le KC de la Gruy\u00e8re a organis\u00e9 de novembre \u00e0 d\u00e9cembre 2021 une lev\u00e9e de fonds gr\u00e2ce \u00e0 une vente de bisc\u00f4mes en faveur de la fondation \u00ab\u00a0afag\u00a0\u00bb (voir ci-dessous). Apr\u00e8s avoir activement d\u00e9march\u00e9 des entreprises de la Gruy\u00e8re et organis\u00e9 une vente lors du March\u00e9 de No\u00ebl de Bulle, le club a remis un [&hellip;]\" \/>\n<meta property=\"og:url\" content=\"https:\/\/www.kiwanis.ch\/fr\/action-en-faveur-de-l-afag\/\" \/>\n<meta property=\"og:site_name\" content=\"Kiwanis International District Switzerland-Liechtenstein\" \/>\n<meta property=\"article:published_time\" content=\"2022-05-04T08:00:00+00:00\" \/>\n<meta property=\"og:image\" content=\"https:\/\/www.kiwanis.ch\/wp-content\/uploads\/2022\/04\/Unbenannt.jpg\" \/>\n\t<meta property=\"og:image:width\" content=\"758\" \/>\n\t<meta property=\"og:image:height\" content=\"566\" \/>\n\t<meta property=\"og:image:type\" content=\"image\/png\" \/>\n<meta name=\"author\" content=\"Redaktion\" \/>\n<meta name=\"twitter:card\" content=\"summary_large_image\" \/>\n<meta name=\"twitter:image\" content=\"https:\/\/www.kiwanis.ch\/wp-content\/uploads\/2022\/04\/Unbenannt.jpg\" \/>\n<meta name=\"twitter:label1\" content=\"\u00c9crit par\" \/>\n\t<meta name=\"twitter:data1\" content=\"Redaktion\" \/>\n\t<meta name=\"twitter:label2\" content=\"Dur\u00e9e de lecture estim\u00e9e\" \/>\n\t<meta name=\"twitter:data2\" content=\"2 minutes\" \/>\n<script type=\"application\/ld+json\" class=\"yoast-schema-graph\">{\"@context\":\"https:\\\/\\\/schema.org\",\"@graph\":[{\"@type\":\"Article\",\"@id\":\"https:\\\/\\\/www.kiwanis.ch\\\/fr\\\/action-en-faveur-de-l-afag\\\/#article\",\"isPartOf\":{\"@id\":\"https:\\\/\\\/www.kiwanis.ch\\\/fr\\\/action-en-faveur-de-l-afag\\\/\"},\"author\":{\"name\":\"Redaktion\",\"@id\":\"https:\\\/\\\/www.kiwanis.ch\\\/fr\\\/#\\\/schema\\\/person\\\/32e076a576cc36b251d0d73060b06f13\"},\"headline\":\"Action en faveur de l\u2019\u00a0\u00ab\u00a0afag\u00a0\u00bb\",\"datePublished\":\"2022-05-04T08:00:00+00:00\",\"mainEntityOfPage\":{\"@id\":\"https:\\\/\\\/www.kiwanis.ch\\\/fr\\\/action-en-faveur-de-l-afag\\\/\"},\"wordCount\":235,\"image\":{\"@id\":\"https:\\\/\\\/www.kiwanis.ch\\\/fr\\\/action-en-faveur-de-l-afag\\\/#primaryimage\"},\"thumbnailUrl\":\"https:\\\/\\\/www.kiwanis.ch\\\/wp-content\\\/uploads\\\/2022\\\/04\\\/Unbenannt.jpg\",\"articleSection\":[\"Engagement\"],\"inLanguage\":\"fr-FR\"},{\"@type\":\"WebPage\",\"@id\":\"https:\\\/\\\/www.kiwanis.ch\\\/fr\\\/action-en-faveur-de-l-afag\\\/\",\"url\":\"https:\\\/\\\/www.kiwanis.ch\\\/fr\\\/action-en-faveur-de-l-afag\\\/\",\"name\":\"Action en faveur de l\u2019\u00a0\u00ab\u00a0afag\u00a0\u00bb - Kiwanis International District Switzerland-Liechtenstein\",\"isPartOf\":{\"@id\":\"https:\\\/\\\/www.kiwanis.ch\\\/fr\\\/#website\"},\"primaryImageOfPage\":{\"@id\":\"https:\\\/\\\/www.kiwanis.ch\\\/fr\\\/action-en-faveur-de-l-afag\\\/#primaryimage\"},\"image\":{\"@id\":\"https:\\\/\\\/www.kiwanis.ch\\\/fr\\\/action-en-faveur-de-l-afag\\\/#primaryimage\"},\"thumbnailUrl\":\"https:\\\/\\\/www.kiwanis.ch\\\/wp-content\\\/uploads\\\/2022\\\/04\\\/Unbenannt.jpg\",\"datePublished\":\"2022-05-04T08:00:00+00:00\",\"author\":{\"@id\":\"https:\\\/\\\/www.kiwanis.ch\\\/fr\\\/#\\\/schema\\\/person\\\/32e076a576cc36b251d0d73060b06f13\"},\"breadcrumb\":{\"@id\":\"https:\\\/\\\/www.kiwanis.ch\\\/fr\\\/action-en-faveur-de-l-afag\\\/#breadcrumb\"},\"inLanguage\":\"fr-FR\",\"potentialAction\":[{\"@type\":\"ReadAction\",\"target\":[\"https:\\\/\\\/www.kiwanis.ch\\\/fr\\\/action-en-faveur-de-l-afag\\\/\"]}]},{\"@type\":\"ImageObject\",\"inLanguage\":\"fr-FR\",\"@id\":\"https:\\\/\\\/www.kiwanis.ch\\\/fr\\\/action-en-faveur-de-l-afag\\\/#primaryimage\",\"url\":\"https:\\\/\\\/www.kiwanis.ch\\\/wp-content\\\/uploads\\\/2022\\\/04\\\/Unbenannt.jpg\",\"contentUrl\":\"https:\\\/\\\/www.kiwanis.ch\\\/wp-content\\\/uploads\\\/2022\\\/04\\\/Unbenannt.jpg\",\"width\":758,\"height\":566},{\"@type\":\"BreadcrumbList\",\"@id\":\"https:\\\/\\\/www.kiwanis.ch\\\/fr\\\/action-en-faveur-de-l-afag\\\/#breadcrumb\",\"itemListElement\":[{\"@type\":\"ListItem\",\"position\":1,\"name\":\"Startseite\",\"item\":\"https:\\\/\\\/www.kiwanis.ch\\\/fr\\\/\"},{\"@type\":\"ListItem\",\"position\":2,\"name\":\"Action en faveur de l\u2019\u00a0\u00ab\u00a0afag\u00a0\u00bb\"}]},{\"@type\":\"WebSite\",\"@id\":\"https:\\\/\\\/www.kiwanis.ch\\\/fr\\\/#website\",\"url\":\"https:\\\/\\\/www.kiwanis.ch\\\/fr\\\/\",\"name\":\"Kiwanis International District Switzerland-Liechtenstein\",\"description\":\"\",\"potentialAction\":[{\"@type\":\"SearchAction\",\"target\":{\"@type\":\"EntryPoint\",\"urlTemplate\":\"https:\\\/\\\/www.kiwanis.ch\\\/fr\\\/?s={search_term_string}\"},\"query-input\":{\"@type\":\"PropertyValueSpecification\",\"valueRequired\":true,\"valueName\":\"search_term_string\"}}],\"inLanguage\":\"fr-FR\"},{\"@type\":\"Person\",\"@id\":\"https:\\\/\\\/www.kiwanis.ch\\\/fr\\\/#\\\/schema\\\/person\\\/32e076a576cc36b251d0d73060b06f13\",\"name\":\"Redaktion\"}]}<\/script>\n<!-- \/ Yoast SEO plugin. -->","yoast_head_json":{"title":"Action en faveur de l\u2019\u00a0\u00ab\u00a0afag\u00a0\u00bb - Kiwanis International District Switzerland-Liechtenstein","robots":{"index":"index","follow":"follow","max-snippet":"max-snippet:-1","max-image-preview":"max-image-preview:large","max-video-preview":"max-video-preview:-1"},"canonical":"https:\/\/www.kiwanis.ch\/fr\/action-en-faveur-de-l-afag\/","og_locale":"fr_FR","og_type":"article","og_title":"Action en faveur de l\u2019\u00a0\u00ab\u00a0afag\u00a0\u00bb - Kiwanis International District Switzerland-Liechtenstein","og_description":"Le KC de la Gruy\u00e8re a organis\u00e9 de novembre \u00e0 d\u00e9cembre 2021 une lev\u00e9e de fonds gr\u00e2ce \u00e0 une vente de bisc\u00f4mes en faveur de la fondation \u00ab\u00a0afag\u00a0\u00bb (voir ci-dessous). Apr\u00e8s avoir activement d\u00e9march\u00e9 des entreprises de la Gruy\u00e8re et organis\u00e9 une vente lors du March\u00e9 de No\u00ebl de Bulle, le club a remis un [&hellip;]","og_url":"https:\/\/www.kiwanis.ch\/fr\/action-en-faveur-de-l-afag\/","og_site_name":"Kiwanis International District Switzerland-Liechtenstein","article_published_time":"2022-05-04T08:00:00+00:00","og_image":[{"width":758,"height":566,"url":"https:\/\/www.kiwanis.ch\/wp-content\/uploads\/2022\/04\/Unbenannt.jpg","type":"image\/png"}],"author":"Redaktion","twitter_card":"summary_large_image","twitter_image":"https:\/\/www.kiwanis.ch\/wp-content\/uploads\/2022\/04\/Unbenannt.jpg","twitter_misc":{"\u00c9crit par":"Redaktion","Dur\u00e9e de lecture estim\u00e9e":"2 minutes"},"schema":{"@context":"https:\/\/schema.org","@graph":[{"@type":"Article","@id":"https:\/\/www.kiwanis.ch\/fr\/action-en-faveur-de-l-afag\/#article","isPartOf":{"@id":"https:\/\/www.kiwanis.ch\/fr\/action-en-faveur-de-l-afag\/"},"author":{"name":"Redaktion","@id":"https:\/\/www.kiwanis.ch\/fr\/#\/schema\/person\/32e076a576cc36b251d0d73060b06f13"},"headline":"Action en faveur de l\u2019\u00a0\u00ab\u00a0afag\u00a0\u00bb","datePublished":"2022-05-04T08:00:00+00:00","mainEntityOfPage":{"@id":"https:\/\/www.kiwanis.ch\/fr\/action-en-faveur-de-l-afag\/"},"wordCount":235,"image":{"@id":"https:\/\/www.kiwanis.ch\/fr\/action-en-faveur-de-l-afag\/#primaryimage"},"thumbnailUrl":"https:\/\/www.kiwanis.ch\/wp-content\/uploads\/2022\/04\/Unbenannt.jpg","articleSection":["Engagement"],"inLanguage":"fr-FR"},{"@type":"WebPage","@id":"https:\/\/www.kiwanis.ch\/fr\/action-en-faveur-de-l-afag\/","url":"https:\/\/www.kiwanis.ch\/fr\/action-en-faveur-de-l-afag\/","name":"Action en faveur de l\u2019\u00a0\u00ab\u00a0afag\u00a0\u00bb - Kiwanis International District Switzerland-Liechtenstein","isPartOf":{"@id":"https:\/\/www.kiwanis.ch\/fr\/#website"},"primaryImageOfPage":{"@id":"https:\/\/www.kiwanis.ch\/fr\/action-en-faveur-de-l-afag\/#primaryimage"},"image":{"@id":"https:\/\/www.kiwanis.ch\/fr\/action-en-faveur-de-l-afag\/#primaryimage"},"thumbnailUrl":"https:\/\/www.kiwanis.ch\/wp-content\/uploads\/2022\/04\/Unbenannt.jpg","datePublished":"2022-05-04T08:00:00+00:00","author":{"@id":"https:\/\/www.kiwanis.ch\/fr\/#\/schema\/person\/32e076a576cc36b251d0d73060b06f13"},"breadcrumb":{"@id":"https:\/\/www.kiwanis.ch\/fr\/action-en-faveur-de-l-afag\/#breadcrumb"},"inLanguage":"fr-FR","potentialAction":[{"@type":"ReadAction","target":["https:\/\/www.kiwanis.ch\/fr\/action-en-faveur-de-l-afag\/"]}]},{"@type":"ImageObject","inLanguage":"fr-FR","@id":"https:\/\/www.kiwanis.ch\/fr\/action-en-faveur-de-l-afag\/#primaryimage","url":"https:\/\/www.kiwanis.ch\/wp-content\/uploads\/2022\/04\/Unbenannt.jpg","contentUrl":"https:\/\/www.kiwanis.ch\/wp-content\/uploads\/2022\/04\/Unbenannt.jpg","width":758,"height":566},{"@type":"BreadcrumbList","@id":"https:\/\/www.kiwanis.ch\/fr\/action-en-faveur-de-l-afag\/#breadcrumb","itemListElement":[{"@type":"ListItem","position":1,"name":"Startseite","item":"https:\/\/www.kiwanis.ch\/fr\/"},{"@type":"ListItem","position":2,"name":"Action en faveur de l\u2019\u00a0\u00ab\u00a0afag\u00a0\u00bb"}]},{"@type":"WebSite","@id":"https:\/\/www.kiwanis.ch\/fr\/#website","url":"https:\/\/www.kiwanis.ch\/fr\/","name":"Kiwanis International District Switzerland-Liechtenstein","description":"","potentialAction":[{"@type":"SearchAction","target":{"@type":"EntryPoint","urlTemplate":"https:\/\/www.kiwanis.ch\/fr\/?s={search_term_string}"},"query-input":{"@type":"PropertyValueSpecification","valueRequired":true,"valueName":"search_term_string"}}],"inLanguage":"fr-FR"},{"@type":"Person","@id":"https:\/\/www.kiwanis.ch\/fr\/#\/schema\/person\/32e076a576cc36b251d0d73060b06f13","name":"Redaktion"}]}},"_links":{"self":[{"href":"https:\/\/www.kiwanis.ch\/fr\/wp-json\/wp\/v2\/posts\/10147","targetHints":{"allow":["GET"]}}],"collection":[{"href":"https:\/\/www.kiwanis.ch\/fr\/wp-json\/wp\/v2\/posts"}],"about":[{"href":"https:\/\/www.kiwanis.ch\/fr\/wp-json\/wp\/v2\/types\/post"}],"author":[{"embeddable":true,"href":"https:\/\/www.kiwanis.ch\/fr\/wp-json\/wp\/v2\/users\/5"}],"replies":[{"embeddable":true,"href":"https:\/\/www.kiwanis.ch\/fr\/wp-json\/wp\/v2\/comments?post=10147"}],"version-history":[{"count":4,"href":"https:\/\/www.kiwanis.ch\/fr\/wp-json\/wp\/v2\/posts\/10147\/revisions"}],"predecessor-version":[{"id":10213,"href":"https:\/\/www.kiwanis.ch\/fr\/wp-json\/wp\/v2\/posts\/10147\/revisions\/10213"}],"wp:featuredmedia":[{"embeddable":true,"href":"https:\/\/www.kiwanis.ch\/fr\/wp-json\/wp\/v2\/media\/10149"}],"wp:attachment":[{"href":"https:\/\/www.kiwanis.ch\/fr\/wp-json\/wp\/v2\/media?parent=10147"}],"wp:term":[{"taxonomy":"category","embeddable":true,"href":"https:\/\/www.kiwanis.ch\/fr\/wp-json\/wp\/v2\/categories?post=10147"},{"taxonomy":"post_tag","embeddable":true,"href":"https:\/\/www.kiwanis.ch\/fr\/wp-json\/wp\/v2\/tags?post=10147"}],"curies":[{"name":"wp","href":"https:\/\/api.w.org\/{rel}","templated":true}]}}